{"id":3333,"date":"2021-03-11T15:54:08","date_gmt":"2021-03-11T20:54:08","guid":{"rendered":"https:\/\/www.vecol.com.co\/?p=3333"},"modified":"2021-04-28T07:17:19","modified_gmt":"2021-04-28T12:17:19","slug":"terminos-de-referencia-de-modernizacion-de-plantas","status":"publish","type":"post","link":"https:\/\/www.vecol.com.co\/en\/2021\/03\/11\/terminos-de-referencia-de-modernizacion-de-plantas\/","title":{"rendered":"T\u00e9rminos de referencia de modernizaci\u00f3n de plantas"},"content":{"rendered":"<p>Dise\u00f1o de la nueva Planta de Biol\u00f3gicos, con sus \u00e1reas de apoyo y redise\u00f1o de las plantas de Estomatitis, Espor\u00f3genos, Liofilizados y Fermentaci\u00f3n e Inactivaci\u00f3n Biol\u00f3gicos con sus \u00e1reas de apoyo, partiendo de un an\u00e1lisis de brechas respecto a normativa OMS y OIE vigentes, y marco normativo relacionado.<\/p>\n\n\n\n<p>Descargue los archivos en los siguientes enlaces:<\/p>\n\n\n\n<ol class=\"wp-block-list\"><li><a rel=\"noreferrer noopener\" href=\"https:\/\/www.vecol.com.co\/wp-content\/uploads\/2021\/03\/Anexo-1.-Carta-de-Presentacion.docx.pdf\" target=\"_blank\">Anexo 1. Carta de Presentaci\u00f3n<\/a><\/li><li><a rel=\"noreferrer noopener\" href=\"https:\/\/www.vecol.com.co\/wp-content\/uploads\/2021\/03\/Anexo-2.-FVC-SG0-1078-version-00-Autorizacion-expresa-para-el-tratamiento-de-datos-personales.-1.d.pdf\" target=\"_blank\">Anexo 2. FVC-SG0-1078 versi\u00f3n 00 \u201cAutorizaci\u00f3n expresa para el tratamiento de datos personales.\u201d<\/a><\/li><li><a rel=\"noreferrer noopener\" href=\"https:\/\/www.vecol.com.co\/wp-content\/uploads\/2021\/03\/Anexo-3.-FVC-SG0-1077-version-00-Declaracion-de-no-inhabilidades-e-incompatibilidades.-1.docx.pdf\" target=\"_blank\">Anexo 3. FVC-SG0-1077 versi\u00f3n 00 \u201cDeclaraci\u00f3n de no inhabilidades e incompatibilidades.\u201d <\/a><\/li><li><a rel=\"noreferrer noopener\" href=\"https:\/\/www.vecol.com.co\/wp-content\/uploads\/2021\/03\/Anexo-4.-Codigo-de-Conducta-y-Etica-Empresarial-de-Vecol-S.A.-1.pdf\" target=\"_blank\">Anexo 4. C\u00f3digo de Conducta y \u00c9tica Empresarial de Vecol S.A. <\/a><\/li><li><a rel=\"noreferrer noopener\" href=\"https:\/\/www.vecol.com.co\/wp-content\/uploads\/2021\/03\/Anexo-5.-MATRIZ-DE-RIESGOS.xlsx-Riesgos.pdf\" target=\"_blank\">Anexo 5. MATRIZ DE RIESGOS<\/a><\/li><li><a rel=\"noreferrer noopener\" href=\"https:\/\/www.vecol.com.co\/wp-content\/uploads\/2021\/03\/Anexo-6-Matriz-areas-a-evaluar-por-especialidad-Analisis-de-Brechas.pdf\" target=\"_blank\">Anexo 6 Matriz \u00e1reas a evaluar por especialidad An\u00e1lisis de Brechas<\/a><\/li><li><a rel=\"noreferrer noopener\" href=\"https:\/\/www.vecol.com.co\/wp-content\/uploads\/2021\/03\/Anexo-7-ALTERNATIVA-escogida-BPM-BIOLOGICOS-2020-03-24-_2021-02-06-Oferentes.pdf\" target=\"_blank\">Anexo 7 ALTERNATIVA escogida BPM BIOLOGICOS 2020-03-24 _2021-02-06 Oferentes<\/a><\/li><li><a rel=\"noreferrer noopener\" href=\"https:\/\/www.vecol.com.co\/wp-content\/uploads\/2021\/03\/Anexo-8.-Solicitud-apertura-proyecto-PMM-20200430-FIRMADO-1.pdf\" target=\"_blank\">Anexo 8. Solicitud apertura proyecto PMM 20200430 FIRMADO<\/a><\/li><li><a rel=\"noreferrer noopener\" href=\"https:\/\/www.vecol.com.co\/wp-content\/uploads\/2021\/03\/Anexo-9A.-Project-charter-PMM-firmado-parte-1-20200519.pdf\" target=\"_blank\">Anexo 9A. Project charter PMM &#8211; firmado parte 1-20200519<\/a><\/li><li><a rel=\"noreferrer noopener\" href=\"https:\/\/www.vecol.com.co\/wp-content\/uploads\/2021\/03\/Anexo-9B.-Project-charter-PMM-firmado-parte-2-20200519-1.pdf\" target=\"_blank\">Anexo 9B. Project charter PMM &#8211; firmado parte 2- 20200519<\/a><\/li><li><a rel=\"noreferrer noopener\" href=\"https:\/\/www.vecol.com.co\/wp-content\/uploads\/2021\/03\/Anexo-10-PROJECT-CH-Rabia-2021-02-06.pdf\" target=\"_blank\">Anexo 10 PROJECT CH Rabia 2021-02-06<\/a><\/li><li><a rel=\"noreferrer noopener\" href=\"https:\/\/www.vecol.com.co\/wp-content\/uploads\/2021\/03\/Anexo-11-PROJECT-CH-Estomatitis-2021-02-06.pdf\" target=\"_blank\">Anexo 11 PROJECT CH Estomatitis 2021-02-06<\/a><\/li><li><a rel=\"noreferrer noopener\" href=\"https:\/\/www.vecol.com.co\/wp-content\/uploads\/2021\/03\/Anexo-12-Diseno-preliminar-ESTOMATITIS-Fase-2-2018_07_27-1.pdf\" target=\"_blank\">Anexo 12 Dise\u00f1o preliminar ESTOMATITIS Fase 2 &#8211; 2018_07_27<\/a><\/li><li><a rel=\"noreferrer noopener\" href=\"https:\/\/www.vecol.com.co\/wp-content\/uploads\/2021\/03\/Anexo-13A.-Firma-Recopilacion-Requisitos-PMM-20200624-firmado-parte-1.pdf\" target=\"_blank\">Anexo 13A. Firma Recopilaci\u00f3n Requisitos PMM 20200624 &#8211; firmado parte 1<\/a><\/li><li><a rel=\"noreferrer noopener\" href=\"https:\/\/www.vecol.com.co\/wp-content\/uploads\/2021\/03\/Anexo-13B.-Firma-Recopilacion-Requisitos-PMM-20200624-firmado-parte-2.pdf\" target=\"_blank\">Anexo 13B. Firma Recopilaci\u00f3n Requisitos PMM 20200624 &#8211; firmado parte 2<\/a><\/li><li><a rel=\"noreferrer noopener\" href=\"https:\/\/www.vecol.com.co\/wp-content\/uploads\/2021\/03\/Anexo-14-Matriz-especificaciones-Diseno-Rabia-fase-2-de-2020-08-11-SAC.pdf\" target=\"_blank\">Anexo 14 Matriz especificaciones Dise\u00f1o Rabia fase 2 de 2020-08-11 &#8211; SAC<\/a><\/li><li><a rel=\"noreferrer noopener\" href=\"https:\/\/www.vecol.com.co\/wp-content\/uploads\/2021\/03\/Anexo-15-Matriz-especificaciones-Diseno-Control-Biologico-2020-08-21-SAC.pdf\" target=\"_blank\">Anexo 15 Matriz especificaciones Dise\u00f1o Control Biol\u00f3gico 2020-08-21 &#8211; SAC<\/a><\/li><li><a rel=\"noreferrer noopener\" href=\"https:\/\/www.vecol.com.co\/wp-content\/uploads\/2021\/03\/Anexo-16-Matriz-especificaciones-Diseno-QA-BIOTERIOS-2020-09-16-SAC-1.pdf\" target=\"_blank\">Anexo 16 Matriz especificaciones Dise\u00f1o QA BIOTERIOS 2020-09-16 &#8211; SAC<\/a><\/li><li><a rel=\"noreferrer noopener\" href=\"https:\/\/www.vecol.com.co\/wp-content\/uploads\/2021\/03\/Anexo-17-Matriz-especificaciones-Diseno-ID_rev_grupo-2020-09-08-SAC.pdf\" target=\"_blank\">Anexo 17 Matriz especificaciones Dise\u00f1o I+D_rev_grupo 2020-09-08 &#8211; SAC<\/a><\/li><li><a rel=\"noreferrer noopener\" href=\"https:\/\/www.vecol.com.co\/wp-content\/uploads\/2021\/03\/Anexo-18-Matriz-Especificaciones-Diseno-Envase-Liofilizados-2020-08-13-SAC.pdf\" target=\"_blank\">Anexo 18 Matriz Especificaciones Dise\u00f1o Envase Liofilizados 2020-08-13 &#8211; SAC<\/a><\/li><li><a rel=\"noreferrer noopener\" href=\"https:\/\/www.vecol.com.co\/wp-content\/uploads\/2021\/03\/Anexo-19-informacion-General-disponible-2021-02-06.pdf\" target=\"_blank\">Anexo 19 informaci\u00f3n General disponible 2021-02-06<\/a><\/li><li><a rel=\"noreferrer noopener\" href=\"https:\/\/www.vecol.com.co\/wp-content\/uploads\/2021\/03\/Anexo-20-informacion-General-Requerida-22021-02-06.pdf\" target=\"_blank\">Anexo 20 informaci\u00f3n General Requerida 22021-02-06<\/a><\/li><li><a rel=\"noreferrer noopener\" href=\"https:\/\/www.vecol.com.co\/wp-content\/uploads\/2021\/03\/Anexo-21-Cronograma-preliminar-intervencion-de-plantas-2021-02-06.pdf\" target=\"_blank\">Anexo 21 Cronograma preliminar intervenci\u00f3n de plantas 2021-02-06<\/a><\/li><li><a rel=\"noreferrer noopener\" href=\"https:\/\/www.vecol.com.co\/wp-content\/uploads\/2021\/03\/Anexo-22-Referencias-Experiencia-Biofarma-empresa-2021-02-06.xlsx\" target=\"_blank\">Anexo 22 Referencias Experiencia Biofarma empresa 2021-02-06<\/a><\/li><li><a rel=\"noreferrer noopener\" href=\"https:\/\/www.vecol.com.co\/wp-content\/uploads\/2021\/03\/Anexo-23-Areas-actuales-2021-02-06.pdf\" target=\"_blank\">Anexo 23 \u00c1reas actuales 2021-02-06<\/a><\/li><li><a rel=\"noreferrer noopener\" href=\"https:\/\/www.vecol.com.co\/wp-content\/uploads\/2021\/03\/Anexo-24-Areas-de-diseno-proyectadas-2021-02-06.pdf\" target=\"_blank\">Anexo 24 \u00c1reas de dise\u00f1o proyectadas 2021-02-06<\/a><\/li><li><a rel=\"noreferrer noopener\" href=\"https:\/\/www.vecol.com.co\/wp-content\/uploads\/2021\/03\/Anexo-25-Lista-de-microorganismos-PMM-2020-11-18.pdf\" target=\"_blank\">Anexo 25 Lista de microorganismos PMM 2020-11-18<\/a><\/li><li><a rel=\"noreferrer noopener\" href=\"https:\/\/www.vecol.com.co\/wp-content\/uploads\/2021\/03\/Anexo-26-Personal-actual-y-proyectado-PMM-2020-11-18.pdf\" target=\"_blank\">Anexo 26 Personal actual y proyectado PMM 2020-11-18<\/a><\/li><li><a rel=\"noreferrer noopener\" href=\"https:\/\/www.vecol.com.co\/wp-content\/uploads\/2021\/03\/Anexo-27-Discriminacion-costo-tiempo-y-experiencia-del-equipo-consultor-2021-03-06.xlsx\" target=\"_blank\">Anexo 27 Discriminaci\u00f3n costo, tiempo y experiencia del equipo consultor 2021-03-06<\/a><\/li><li><a rel=\"noreferrer noopener\" href=\"https:\/\/www.vecol.com.co\/wp-content\/uploads\/2021\/03\/Anexo-28-Entregables-minimos-2021-03-11.pdf\" target=\"_blank\">Anexo 28 Entregables m\u00ednimos 2021-03-11<\/a><\/li><li><a rel=\"noreferrer noopener\" href=\"https:\/\/www.vecol.com.co\/wp-content\/uploads\/2021\/03\/Anexo-29-Documento-complementario-desarrollo-Ingenierias-conceptual-y-basica-avanzada.docx.pdf\" target=\"_blank\">Anexo 29 Documento complementario desarrollo Ingenier\u00edas conceptual y b\u00e1sica avanzada<\/a><\/li><li><a rel=\"noreferrer noopener\" href=\"https:\/\/www.vecol.com.co\/wp-content\/uploads\/2021\/04\/Anexo-29-Documento-complementario-desarrollo-Ingenierias-conceptual-y-basica-avanzada-version-01.pdf\" target=\"_blank\">Anexo 29 Documento complementario desarrollo Ingenier\u00edas conceptual y b\u00e1sica avanzada version 01<\/a><\/li><li><a rel=\"noreferrer noopener\" href=\"https:\/\/www.vecol.com.co\/wp-content\/uploads\/2021\/03\/Anexo-30-Modelo-CONTRATO-NO.-___CONSULTORIA-ANALISIS-BRECHAS-DISENO-FINAL.pdf\" target=\"_blank\">Anexo 30 Modelo CONTRATO NO. ___CONSULTORIA ANALISIS BRECHAS &#8211; DISE\u00d1O FINAL<\/a><\/li><li><a rel=\"noreferrer noopener\" href=\"https:\/\/www.vecol.com.co\/wp-content\/uploads\/2021\/04\/Anexo-30-Modelo-CONTRATO-NO.-___CONSULTORIA-ANALISIS-BRECHAS-version1-1.pdf\" target=\"_blank\">Anexo 30 Modelo CONTRATO NO. ___CONSULTORIA ANALISIS BRECHAS version1 (1)<\/a><\/li><li><a rel=\"noreferrer noopener\" href=\"https:\/\/www.vecol.com.co\/wp-content\/uploads\/2021\/04\/Anexo-31-Definicion-capacidad-instalada-de-planta-2021-03-29.xlsx-CAPACIDAD.pdf\" target=\"_blank\">Anexo 31 Definici\u00f3n capacidad instalada de planta &#8211; 2021-03-29.xlsx &#8211; CAPACIDAD<\/a><\/li><li><a rel=\"noreferrer noopener\" href=\"https:\/\/www.vecol.com.co\/wp-content\/uploads\/2021\/04\/ANEXO-32-PRESENTACION-PMM-18-MARZO-2021-03-18.pptx-1.pdf\" target=\"_blank\">ANEXO 32 PRESENTACION PMM 18 MARZO 2021-03-18.pptx (1)<\/a><\/li><li><a rel=\"noreferrer noopener\" href=\"https:\/\/www.vecol.com.co\/wp-content\/uploads\/2021\/04\/ANEXO-33-DIAGRAMA-DE-FLUJO-DE-PROCESO-Planta-de-Biologicos.pdf\" target=\"_blank\">ANEXO 33 DIAGRAMA DE FLUJO DE PROCESO Planta de Biol\u00f3gicos<\/a><\/li><li><a rel=\"noreferrer noopener\" href=\"https:\/\/www.vecol.com.co\/wp-content\/uploads\/2021\/03\/Terminos-de-referencia-Diseno-Planta-Biologicos.pdf\" target=\"_blank\">T\u00e9rminos de referencia Dise\u00f1o Planta Biol\u00f3gicos<\/a><\/li><li><a rel=\"noreferrer noopener\" href=\"https:\/\/www.vecol.com.co\/wp-content\/uploads\/2021\/03\/Cronograma-visita-a-planta-2021-03-18.xlsx-cronograma-1.pdf\" target=\"_blank\">Cronograma Visita a Planta Vecol S.A. 18 de marzo<\/a><\/li><li><a rel=\"noreferrer noopener\" href=\"https:\/\/drive.google.com\/file\/d\/145ioHHCDGf29EN_Cjbhm7uBvG5Dj23PT\/view?usp=drive_web\" target=\"_blank\">Audiencia P\u00fablica de aclaraciones de la invitaci\u00f3n abierta 001-2021.<\/a><\/li><li><a rel=\"noreferrer noopener\" href=\"https:\/\/www.vecol.com.co\/wp-content\/uploads\/2021\/04\/Modificacion-No.-1-a-los-Terminos-de-Referencia-Invitacion-001-2021.pdf\" target=\"_blank\">Modificaci\u00f3n No. 1 a los T\u00e9rminos de Referencia Invitaci\u00f3n 001 &#8211; 2021<\/a><\/li><li><a rel=\"noreferrer noopener\" href=\"https:\/\/www.vecol.com.co\/wp-content\/uploads\/2021\/04\/Respuesta-Observaciones-Invitacion-001-2021.pdf\" target=\"_blank\">Respuesta Observaciones Invitaci\u00f3n 001 &#8211; 2021<\/a><\/li><li><a rel=\"noreferrer noopener\" href=\"https:\/\/www.vecol.com.co\/wp-content\/uploads\/2021\/04\/Modificacion-No.-2-a-los-Terminos-de-Referencia-Invitacion-001-2021.pdf\" target=\"_blank\">Modificaci\u00f3n No. 2 a los T\u00e9rminos de Referencia Invitaci\u00f3n 001 &#8211; 2021<\/a><\/li><li><a rel=\"noreferrer noopener\" href=\"https:\/\/www.vecol.com.co\/wp-content\/uploads\/2021\/04\/Informe-Presentacion-Propuestas-Invitacion-001-2021-signed.pdf\" target=\"_blank\">Informe Presentaci\u00f3n Propuestas Invitaci\u00f3n 001 &#8211; 2021 &#8211; signed<\/a><\/li><li><a rel=\"noreferrer noopener\" href=\"https:\/\/www.vecol.com.co\/wp-content\/uploads\/2021\/04\/Solicitud-Requisitos-Habilitantes-Subsanables-Invitacion-001-2021.pdf\" target=\"_blank\">Solicitud Requisitos Habilitantes Subsanables Invitaci\u00f3n 001 &#8211; 2021<\/a><\/li><li><a rel=\"noreferrer noopener\" href=\"https:\/\/www.vecol.com.co\/wp-content\/uploads\/2021\/04\/Evaluacion-Requisitos-Habilitantes-signed.pdf\" target=\"_blank\">Evaluaci\u00f3n Requisitos Habilitantes &#8211; signed<\/a><\/li><li><a href=\"https:\/\/www.vecol.com.co\/wp-content\/uploads\/2021\/04\/Acto-de-adjudicacion-signed.pdf\" target=\"_blank\" rel=\"noreferrer noopener\">Acto de adjudicaci\u00f3n &#8211; signed<\/a><\/li><\/ol>\n\n\n\n<p><\/p>","protected":false},"excerpt":{"rendered":"<p>Dise\u00f1o de la nueva Planta de Biol\u00f3gicos, con sus \u00e1reas de apoyo y redise\u00f1o de las plantas de Estomatitis, Espor\u00f3genos, Liofilizados y Fermentaci\u00f3n e Inactivaci\u00f3n Biol\u00f3gicos con sus \u00e1reas de apoyo, partiendo de un an\u00e1lisis de brechas respecto a normativa OMS y OIE vigentes, y marco normativo relacionado. Descargue los archivos en los siguientes enlaces: [&hellip;]<\/p>\n","protected":false},"author":1,"featured_media":3335,"comment_status":"closed","ping_status":"closed","sticky":false,"template":"","format":"standard","meta":{"_acf_changed":false,"site-sidebar-layout":"default","site-content-layout":"default","ast-site-content-layout":"default","site-content-style":"default","site-sidebar-style":"default","ast-global-header-display":"","ast-banner-title-visibility":"","ast-main-header-display":"","ast-hfb-above-header-display":"","ast-hfb-below-header-display":"","ast-hfb-mobile-header-display":"","site-post-title":"","ast-breadcrumbs-content":"","ast-featured-img":"","footer-sml-layout":"","ast-disable-related-posts":"","theme-transparent-header-meta":"default","adv-header-id-meta":"","stick-header-meta":"","header-above-stick-meta":"","header-main-stick-meta":"","header-below-stick-meta":"","astra-migrate-meta-layouts":"default","ast-page-background-enabled":"default","ast-page-background-meta":{"desktop":{"background-color":"","background-image":"","background-repeat":"repeat","background-position":"center center","background-size":"auto","background-attachment":"scroll","background-type":"","background-media":"","overlay-type":"","overlay-color":"","overlay-opacity":"","overlay-gradient":""},"tablet":{"background-color":"","background-image":"","background-repeat":"repeat","background-position":"center center","background-size":"auto","background-attachment":"scroll","background-type":"","background-media":"","overlay-type":"","overlay-color":"","overlay-opacity":"","overlay-gradient":""},"mobile":{"background-color":"","background-image":"","background-repeat":"repeat","background-position":"center center","background-size":"auto","background-attachment":"scroll","background-type":"","background-media":"","overlay-type":"","overlay-color":"","overlay-opacity":"","overlay-gradient":""}},"ast-content-background-meta":{"desktop":{"background-color":"var(--ast-global-color-5)","background-image":"","background-repeat":"repeat","background-position":"center center","background-size":"auto","background-attachment":"scroll","background-type":"","background-media":"","overlay-type":"","overlay-color":"","overlay-opacity":"","overlay-gradient":""},"tablet":{"background-color":"var(--ast-global-color-5)","background-image":"","background-repeat":"repeat","background-position":"center center","background-size":"auto","background-attachment":"scroll","background-type":"","background-media":"","overlay-type":"","overlay-color":"","overlay-opacity":"","overlay-gradient":""},"mobile":{"background-color":"var(--ast-global-color-5)","background-image":"","background-repeat":"repeat","background-position":"center center","background-size":"auto","background-attachment":"scroll","background-type":"","background-media":"","overlay-type":"","overlay-color":"","overlay-opacity":"","overlay-gradient":""}},"footnotes":""},"categories":[37],"tags":[],"class_list":["post-3333","post","type-post","status-publish","format-standard","has-post-thumbnail","hentry","category-noticias"],"acf":[],"yoast_head":"<!-- This site is optimized with the Yoast SEO plugin v27.4 - https:\/\/yoast.com\/product\/yoast-seo-wordpress\/ -->\n<title>T\u00e9rminos de referencia de modernizaci\u00f3n de plantas - VECOL<\/title>\n<meta name=\"robots\" content=\"index, follow, max-snippet:-1, max-image-preview:large, max-video-preview:-1\" \/>\n<link rel=\"canonical\" href=\"https:\/\/www.vecol.com.co\/en\/2021\/03\/11\/terminos-de-referencia-de-modernizacion-de-plantas\/\" \/>\n<meta property=\"og:locale\" content=\"en_US\" \/>\n<meta property=\"og:type\" content=\"article\" \/>\n<meta property=\"og:title\" content=\"T\u00e9rminos de referencia de modernizaci\u00f3n de plantas - VECOL\" \/>\n<meta property=\"og:description\" content=\"Dise\u00f1o de la nueva Planta de Biol\u00f3gicos, con sus \u00e1reas de apoyo y redise\u00f1o de las plantas de Estomatitis, Espor\u00f3genos, Liofilizados y Fermentaci\u00f3n e Inactivaci\u00f3n Biol\u00f3gicos con sus \u00e1reas de apoyo, partiendo de un an\u00e1lisis de brechas respecto a normativa OMS y OIE vigentes, y marco normativo relacionado. Descargue los archivos en los siguientes enlaces: [&hellip;]\" \/>\n<meta property=\"og:url\" content=\"https:\/\/www.vecol.com.co\/en\/2021\/03\/11\/terminos-de-referencia-de-modernizacion-de-plantas\/\" \/>\n<meta property=\"og:site_name\" content=\"VECOL\" \/>\n<meta property=\"article:publisher\" content=\"https:\/\/www.facebook.com\/vecolveterinaria\" \/>\n<meta property=\"article:published_time\" content=\"2021-03-11T20:54:08+00:00\" \/>\n<meta property=\"article:modified_time\" content=\"2021-04-28T12:17:19+00:00\" \/>\n<meta property=\"og:image\" content=\"https:\/\/www.vecol.com.co\/wp-content\/uploads\/2021\/03\/Diseno-sin-titulo-2021-03-11T155551.572.png\" \/>\n\t<meta property=\"og:image:width\" content=\"700\" \/>\n\t<meta property=\"og:image:height\" content=\"400\" \/>\n\t<meta property=\"og:image:type\" content=\"image\/png\" \/>\n<meta name=\"author\" content=\"adminvecol\" \/>\n<meta name=\"twitter:card\" content=\"summary_large_image\" \/>\n<meta name=\"twitter:creator\" content=\"@VecolColombia\" \/>\n<meta name=\"twitter:site\" content=\"@VecolColombia\" \/>\n<meta name=\"twitter:label1\" content=\"Written by\" \/>\n\t<meta name=\"twitter:data1\" content=\"adminvecol\" \/>\n\t<meta name=\"twitter:label2\" content=\"Est. reading time\" \/>\n\t<meta name=\"twitter:data2\" content=\"2 minutes\" \/>\n<script type=\"application\/ld+json\" class=\"yoast-schema-graph\">{\"@context\":\"https:\\\/\\\/schema.org\",\"@graph\":[{\"@type\":\"Article\",\"@id\":\"https:\\\/\\\/www.vecol.com.co\\\/2021\\\/03\\\/11\\\/terminos-de-referencia-de-modernizacion-de-plantas\\\/#article\",\"isPartOf\":{\"@id\":\"https:\\\/\\\/www.vecol.com.co\\\/2021\\\/03\\\/11\\\/terminos-de-referencia-de-modernizacion-de-plantas\\\/\"},\"author\":{\"name\":\"adminvecol\",\"@id\":\"https:\\\/\\\/www.vecol.com.co\\\/#\\\/schema\\\/person\\\/4b00c482841ba42129831763533a3c7b\"},\"headline\":\"T\u00e9rminos de referencia de modernizaci\u00f3n de plantas\",\"datePublished\":\"2021-03-11T20:54:08+00:00\",\"dateModified\":\"2021-04-28T12:17:19+00:00\",\"mainEntityOfPage\":{\"@id\":\"https:\\\/\\\/www.vecol.com.co\\\/2021\\\/03\\\/11\\\/terminos-de-referencia-de-modernizacion-de-plantas\\\/\"},\"wordCount\":496,\"publisher\":{\"@id\":\"https:\\\/\\\/www.vecol.com.co\\\/#organization\"},\"image\":{\"@id\":\"https:\\\/\\\/www.vecol.com.co\\\/2021\\\/03\\\/11\\\/terminos-de-referencia-de-modernizacion-de-plantas\\\/#primaryimage\"},\"thumbnailUrl\":\"https:\\\/\\\/www.vecol.com.co\\\/wp-content\\\/uploads\\\/2021\\\/03\\\/Diseno-sin-titulo-2021-03-11T155551.572.png\",\"articleSection\":[\"Noticias\"],\"inLanguage\":\"en-US\"},{\"@type\":\"WebPage\",\"@id\":\"https:\\\/\\\/www.vecol.com.co\\\/2021\\\/03\\\/11\\\/terminos-de-referencia-de-modernizacion-de-plantas\\\/\",\"url\":\"https:\\\/\\\/www.vecol.com.co\\\/2021\\\/03\\\/11\\\/terminos-de-referencia-de-modernizacion-de-plantas\\\/\",\"name\":\"T\u00e9rminos de referencia de modernizaci\u00f3n de plantas - VECOL\",\"isPartOf\":{\"@id\":\"https:\\\/\\\/www.vecol.com.co\\\/#website\"},\"primaryImageOfPage\":{\"@id\":\"https:\\\/\\\/www.vecol.com.co\\\/2021\\\/03\\\/11\\\/terminos-de-referencia-de-modernizacion-de-plantas\\\/#primaryimage\"},\"image\":{\"@id\":\"https:\\\/\\\/www.vecol.com.co\\\/2021\\\/03\\\/11\\\/terminos-de-referencia-de-modernizacion-de-plantas\\\/#primaryimage\"},\"thumbnailUrl\":\"https:\\\/\\\/www.vecol.com.co\\\/wp-content\\\/uploads\\\/2021\\\/03\\\/Diseno-sin-titulo-2021-03-11T155551.572.png\",\"datePublished\":\"2021-03-11T20:54:08+00:00\",\"dateModified\":\"2021-04-28T12:17:19+00:00\",\"breadcrumb\":{\"@id\":\"https:\\\/\\\/www.vecol.com.co\\\/2021\\\/03\\\/11\\\/terminos-de-referencia-de-modernizacion-de-plantas\\\/#breadcrumb\"},\"inLanguage\":\"en-US\",\"potentialAction\":[{\"@type\":\"ReadAction\",\"target\":[\"https:\\\/\\\/www.vecol.com.co\\\/2021\\\/03\\\/11\\\/terminos-de-referencia-de-modernizacion-de-plantas\\\/\"]}]},{\"@type\":\"ImageObject\",\"inLanguage\":\"en-US\",\"@id\":\"https:\\\/\\\/www.vecol.com.co\\\/2021\\\/03\\\/11\\\/terminos-de-referencia-de-modernizacion-de-plantas\\\/#primaryimage\",\"url\":\"https:\\\/\\\/www.vecol.com.co\\\/wp-content\\\/uploads\\\/2021\\\/03\\\/Diseno-sin-titulo-2021-03-11T155551.572.png\",\"contentUrl\":\"https:\\\/\\\/www.vecol.com.co\\\/wp-content\\\/uploads\\\/2021\\\/03\\\/Diseno-sin-titulo-2021-03-11T155551.572.png\",\"width\":700,\"height\":400,\"caption\":\"Diseno sin titulo 2021 03 11T155551.572\"},{\"@type\":\"BreadcrumbList\",\"@id\":\"https:\\\/\\\/www.vecol.com.co\\\/2021\\\/03\\\/11\\\/terminos-de-referencia-de-modernizacion-de-plantas\\\/#breadcrumb\",\"itemListElement\":[{\"@type\":\"ListItem\",\"position\":1,\"name\":\"Inicio\",\"item\":\"https:\\\/\\\/www.vecol.com.co\\\/\"},{\"@type\":\"ListItem\",\"position\":2,\"name\":\"Noticias\",\"item\":\"https:\\\/\\\/www.vecol.com.co\\\/category\\\/noticias\\\/\"},{\"@type\":\"ListItem\",\"position\":3,\"name\":\"T\u00e9rminos de referencia de modernizaci\u00f3n de plantas\"}]},{\"@type\":\"WebSite\",\"@id\":\"https:\\\/\\\/www.vecol.com.co\\\/#website\",\"url\":\"https:\\\/\\\/www.vecol.com.co\\\/\",\"name\":\"VECOL\",\"description\":\"Empresa Colombiana de Productos Veterinarios\",\"publisher\":{\"@id\":\"https:\\\/\\\/www.vecol.com.co\\\/#organization\"},\"potentialAction\":[{\"@type\":\"SearchAction\",\"target\":{\"@type\":\"EntryPoint\",\"urlTemplate\":\"https:\\\/\\\/www.vecol.com.co\\\/?s={search_term_string}\"},\"query-input\":{\"@type\":\"PropertyValueSpecification\",\"valueRequired\":true,\"valueName\":\"search_term_string\"}}],\"inLanguage\":\"en-US\"},{\"@type\":\"Organization\",\"@id\":\"https:\\\/\\\/www.vecol.com.co\\\/#organization\",\"name\":\"Empresa Colombiana de Productos Veterinarios\",\"url\":\"https:\\\/\\\/www.vecol.com.co\\\/\",\"logo\":{\"@type\":\"ImageObject\",\"inLanguage\":\"en-US\",\"@id\":\"https:\\\/\\\/www.vecol.com.co\\\/#\\\/schema\\\/logo\\\/image\\\/\",\"url\":\"https:\\\/\\\/www.vecol.com.co\\\/wp-content\\\/uploads\\\/2023\\\/07\\\/logoVecol.png\",\"contentUrl\":\"https:\\\/\\\/www.vecol.com.co\\\/wp-content\\\/uploads\\\/2023\\\/07\\\/logoVecol.png\",\"width\":106,\"height\":106,\"caption\":\"Empresa Colombiana de Productos Veterinarios\"},\"image\":{\"@id\":\"https:\\\/\\\/www.vecol.com.co\\\/#\\\/schema\\\/logo\\\/image\\\/\"},\"sameAs\":[\"https:\\\/\\\/www.facebook.com\\\/vecolveterinaria\",\"https:\\\/\\\/x.com\\\/VecolColombia\"]},{\"@type\":\"Person\",\"@id\":\"https:\\\/\\\/www.vecol.com.co\\\/#\\\/schema\\\/person\\\/4b00c482841ba42129831763533a3c7b\",\"name\":\"adminvecol\",\"url\":\"https:\\\/\\\/www.vecol.com.co\\\/en\\\/author\\\/adminvecol\\\/\"}]}<\/script>\n<!-- \/ Yoast SEO plugin. -->","yoast_head_json":{"title":"T\u00e9rminos de referencia de modernizaci\u00f3n de plantas - VECOL","robots":{"index":"index","follow":"follow","max-snippet":"max-snippet:-1","max-image-preview":"max-image-preview:large","max-video-preview":"max-video-preview:-1"},"canonical":"https:\/\/www.vecol.com.co\/en\/2021\/03\/11\/terminos-de-referencia-de-modernizacion-de-plantas\/","og_locale":"en_US","og_type":"article","og_title":"T\u00e9rminos de referencia de modernizaci\u00f3n de plantas - VECOL","og_description":"Dise\u00f1o de la nueva Planta de Biol\u00f3gicos, con sus \u00e1reas de apoyo y redise\u00f1o de las plantas de Estomatitis, Espor\u00f3genos, Liofilizados y Fermentaci\u00f3n e Inactivaci\u00f3n Biol\u00f3gicos con sus \u00e1reas de apoyo, partiendo de un an\u00e1lisis de brechas respecto a normativa OMS y OIE vigentes, y marco normativo relacionado. Descargue los archivos en los siguientes enlaces: [&hellip;]","og_url":"https:\/\/www.vecol.com.co\/en\/2021\/03\/11\/terminos-de-referencia-de-modernizacion-de-plantas\/","og_site_name":"VECOL","article_publisher":"https:\/\/www.facebook.com\/vecolveterinaria","article_published_time":"2021-03-11T20:54:08+00:00","article_modified_time":"2021-04-28T12:17:19+00:00","og_image":[{"width":700,"height":400,"url":"https:\/\/www.vecol.com.co\/wp-content\/uploads\/2021\/03\/Diseno-sin-titulo-2021-03-11T155551.572.png","type":"image\/png"}],"author":"adminvecol","twitter_card":"summary_large_image","twitter_creator":"@VecolColombia","twitter_site":"@VecolColombia","twitter_misc":{"Written by":"adminvecol","Est. reading time":"2 minutes"},"schema":{"@context":"https:\/\/schema.org","@graph":[{"@type":"Article","@id":"https:\/\/www.vecol.com.co\/2021\/03\/11\/terminos-de-referencia-de-modernizacion-de-plantas\/#article","isPartOf":{"@id":"https:\/\/www.vecol.com.co\/2021\/03\/11\/terminos-de-referencia-de-modernizacion-de-plantas\/"},"author":{"name":"adminvecol","@id":"https:\/\/www.vecol.com.co\/#\/schema\/person\/4b00c482841ba42129831763533a3c7b"},"headline":"T\u00e9rminos de referencia de modernizaci\u00f3n de plantas","datePublished":"2021-03-11T20:54:08+00:00","dateModified":"2021-04-28T12:17:19+00:00","mainEntityOfPage":{"@id":"https:\/\/www.vecol.com.co\/2021\/03\/11\/terminos-de-referencia-de-modernizacion-de-plantas\/"},"wordCount":496,"publisher":{"@id":"https:\/\/www.vecol.com.co\/#organization"},"image":{"@id":"https:\/\/www.vecol.com.co\/2021\/03\/11\/terminos-de-referencia-de-modernizacion-de-plantas\/#primaryimage"},"thumbnailUrl":"https:\/\/www.vecol.com.co\/wp-content\/uploads\/2021\/03\/Diseno-sin-titulo-2021-03-11T155551.572.png","articleSection":["Noticias"],"inLanguage":"en-US"},{"@type":"WebPage","@id":"https:\/\/www.vecol.com.co\/2021\/03\/11\/terminos-de-referencia-de-modernizacion-de-plantas\/","url":"https:\/\/www.vecol.com.co\/2021\/03\/11\/terminos-de-referencia-de-modernizacion-de-plantas\/","name":"T\u00e9rminos de referencia de modernizaci\u00f3n de plantas - VECOL","isPartOf":{"@id":"https:\/\/www.vecol.com.co\/#website"},"primaryImageOfPage":{"@id":"https:\/\/www.vecol.com.co\/2021\/03\/11\/terminos-de-referencia-de-modernizacion-de-plantas\/#primaryimage"},"image":{"@id":"https:\/\/www.vecol.com.co\/2021\/03\/11\/terminos-de-referencia-de-modernizacion-de-plantas\/#primaryimage"},"thumbnailUrl":"https:\/\/www.vecol.com.co\/wp-content\/uploads\/2021\/03\/Diseno-sin-titulo-2021-03-11T155551.572.png","datePublished":"2021-03-11T20:54:08+00:00","dateModified":"2021-04-28T12:17:19+00:00","breadcrumb":{"@id":"https:\/\/www.vecol.com.co\/2021\/03\/11\/terminos-de-referencia-de-modernizacion-de-plantas\/#breadcrumb"},"inLanguage":"en-US","potentialAction":[{"@type":"ReadAction","target":["https:\/\/www.vecol.com.co\/2021\/03\/11\/terminos-de-referencia-de-modernizacion-de-plantas\/"]}]},{"@type":"ImageObject","inLanguage":"en-US","@id":"https:\/\/www.vecol.com.co\/2021\/03\/11\/terminos-de-referencia-de-modernizacion-de-plantas\/#primaryimage","url":"https:\/\/www.vecol.com.co\/wp-content\/uploads\/2021\/03\/Diseno-sin-titulo-2021-03-11T155551.572.png","contentUrl":"https:\/\/www.vecol.com.co\/wp-content\/uploads\/2021\/03\/Diseno-sin-titulo-2021-03-11T155551.572.png","width":700,"height":400,"caption":"Diseno sin titulo 2021 03 11T155551.572"},{"@type":"BreadcrumbList","@id":"https:\/\/www.vecol.com.co\/2021\/03\/11\/terminos-de-referencia-de-modernizacion-de-plantas\/#breadcrumb","itemListElement":[{"@type":"ListItem","position":1,"name":"Inicio","item":"https:\/\/www.vecol.com.co\/"},{"@type":"ListItem","position":2,"name":"Noticias","item":"https:\/\/www.vecol.com.co\/category\/noticias\/"},{"@type":"ListItem","position":3,"name":"T\u00e9rminos de referencia de modernizaci\u00f3n de plantas"}]},{"@type":"WebSite","@id":"https:\/\/www.vecol.com.co\/#website","url":"https:\/\/www.vecol.com.co\/","name":"VECOL","description":"Colombian Veterinary Products Company","publisher":{"@id":"https:\/\/www.vecol.com.co\/#organization"},"potentialAction":[{"@type":"SearchAction","target":{"@type":"EntryPoint","urlTemplate":"https:\/\/www.vecol.com.co\/?s={search_term_string}"},"query-input":{"@type":"PropertyValueSpecification","valueRequired":true,"valueName":"search_term_string"}}],"inLanguage":"en-US"},{"@type":"Organization","@id":"https:\/\/www.vecol.com.co\/#organization","name":"Colombian Veterinary Products Company","url":"https:\/\/www.vecol.com.co\/","logo":{"@type":"ImageObject","inLanguage":"en-US","@id":"https:\/\/www.vecol.com.co\/#\/schema\/logo\/image\/","url":"https:\/\/www.vecol.com.co\/wp-content\/uploads\/2023\/07\/logoVecol.png","contentUrl":"https:\/\/www.vecol.com.co\/wp-content\/uploads\/2023\/07\/logoVecol.png","width":106,"height":106,"caption":"Empresa Colombiana de Productos Veterinarios"},"image":{"@id":"https:\/\/www.vecol.com.co\/#\/schema\/logo\/image\/"},"sameAs":["https:\/\/www.facebook.com\/vecolveterinaria","https:\/\/x.com\/VecolColombia"]},{"@type":"Person","@id":"https:\/\/www.vecol.com.co\/#\/schema\/person\/4b00c482841ba42129831763533a3c7b","name":"adminvecol","url":"https:\/\/www.vecol.com.co\/en\/author\/adminvecol\/"}]}},"_links":{"self":[{"href":"https:\/\/www.vecol.com.co\/en\/wp-json\/wp\/v2\/posts\/3333","targetHints":{"allow":["GET"]}}],"collection":[{"href":"https:\/\/www.vecol.com.co\/en\/wp-json\/wp\/v2\/posts"}],"about":[{"href":"https:\/\/www.vecol.com.co\/en\/wp-json\/wp\/v2\/types\/post"}],"author":[{"embeddable":true,"href":"https:\/\/www.vecol.com.co\/en\/wp-json\/wp\/v2\/users\/1"}],"replies":[{"embeddable":true,"href":"https:\/\/www.vecol.com.co\/en\/wp-json\/wp\/v2\/comments?post=3333"}],"version-history":[{"count":13,"href":"https:\/\/www.vecol.com.co\/en\/wp-json\/wp\/v2\/posts\/3333\/revisions"}],"predecessor-version":[{"id":3526,"href":"https:\/\/www.vecol.com.co\/en\/wp-json\/wp\/v2\/posts\/3333\/revisions\/3526"}],"wp:featuredmedia":[{"embeddable":true,"href":"https:\/\/www.vecol.com.co\/en\/wp-json\/wp\/v2\/media\/3335"}],"wp:attachment":[{"href":"https:\/\/www.vecol.com.co\/en\/wp-json\/wp\/v2\/media?parent=3333"}],"wp:term":[{"taxonomy":"category","embeddable":true,"href":"https:\/\/www.vecol.com.co\/en\/wp-json\/wp\/v2\/categories?post=3333"},{"taxonomy":"post_tag","embeddable":true,"href":"https:\/\/www.vecol.com.co\/en\/wp-json\/wp\/v2\/tags?post=3333"}],"curies":[{"name":"wp","href":"https:\/\/api.w.org\/{rel}","templated":true}]}}