{"id":3208,"date":"2020-11-27T06:53:53","date_gmt":"2020-11-27T11:53:53","guid":{"rendered":"https:\/\/www.vecol.com.co\/?p=3208"},"modified":"2024-12-05T16:46:51","modified_gmt":"2024-12-05T21:46:51","slug":"vecol-pide-no-bajar-la-guardia-durante-ii-ciclo-de-vacunacion","status":"publish","type":"post","link":"https:\/\/www.vecol.com.co\/en\/2020\/11\/27\/vecol-pide-no-bajar-la-guardia-durante-ii-ciclo-de-vacunacion\/","title":{"rendered":"Vecol pide no bajar la guardia durante II Ciclo de Vacunaci\u00f3n"},"content":{"rendered":"<p>Aftogan 2ML de Vecol es uno de los biol\u00f3gicos que se aplican en el 80 % de los animales del pa\u00eds. Foto: Fegacesar.<\/p>\n\n\n\n<p><em>Pese a las condiciones clim\u00e1ticas adversas, el laboratorio les pide a los productores hacer el esfuerzo y aplicar el biol\u00f3gico que garantiza la sanidad del hato y el estatus libre de aftosa.<\/em><\/p>\n\n\n\n<p>El pasado 9 de noviembre dio inicio el II Ciclo de Vacunaci\u00f3n contra fiebre aftosa y brucelosis bovina en todo el pa\u00eds. Esta actividad se viene ejecutando con total normalidad en el pa\u00eds, pese a las condiciones clim\u00e1tivas adversas que han tenido que enfrentar los vacunadores de Fedeg\u00e1n-FNG, as\u00ed lo dio a conocer&nbsp;<strong>Claudio Boh\u00f3rquez, supervisor t\u00e9cnico de Animales de Producci\u00f3n de Vecol<\/strong>. (Lea:&nbsp;<a href=\"https:\/\/www.contextoganadero.com\/ganaderia-sostenible\/ciclo-contra-aftosa-marcha-exitosamente-y-ha-vacunado-28-millones-de-bovinos\"><strong>Ciclo contra aftosa marcha exitosamente y ha vacunado 2,8 millones de bovinos<\/strong><\/a>)<\/p>\n\n\n\n<p>De acuerdo con Boh\u00f3rquez, el parte es de normalidad en todo el territorio nacional. Agreg\u00f3 que la expectativa es cumplir con las metas presupuestadas a pesar de las condiciones clim\u00e1ticas que se vienen presentando en varios puntos de la geograf\u00eda nacional.<\/p>\n\n\n\n<p><strong>El supervisor t\u00e9cnico del laboratorio indic\u00f3 que los ganaderos no deben bajar guardia en materia de vacunaci\u00f3n<\/strong>&nbsp;ni dejar de aplicar el biol\u00f3gico pese al invierno, ya que record\u00f3 que el pa\u00eds ganadero est\u00e1 en un momento muy especial desde que recuper\u00f3 su certificado como libre de aftosa con vacunaci\u00f3n.<\/p>\n\n\n\n<p>\u201cEl mensaje es que vacunemos, que se inmunicen todos los animales aptos y no bajar la guardia. Ese es el mensaje que desde Vecol, ICA y Fedeg\u00e1n queremos enviarles a los ganaderos para que haya un buen ciclo de vacunaci\u00f3n\u201d a\u00f1adi\u00f3. (Lea:&nbsp;<a href=\"https:\/\/www.contextoganadero.com\/ganaderia-sostenible\/campana-de-vacunacion-supero-las-expectativas-al-inmunizar-279-millones-de\"><strong>Campa\u00f1a de vacunaci\u00f3n super\u00f3 las expectativas al inmunizar 27,9 millones de bovinos<\/strong><\/a>)<\/p>\n\n\n\n<p>Boh\u00f3rquez record\u00f3 que manteniendo el estatus sanitario a trav\u00e9s de una vacunaci\u00f3n masiva se vienen abriendo las puertas a la exportaci\u00f3n de productos bovinos de carne y leche, por lo que es clave que la cobertura de este ciclo que del 98 % en animales como ocurri\u00f3 en la jornada de vacunaci\u00f3n de hace unos meses o incluso supearle esa cifra.<\/p>\n\n\n\n<p>Actualmente, la vacuna que se viene aplicando es la Aftogan 2ML de Vecol. El 80 % de los animales vacunados en Colombia son inmunizados con este biol\u00f3gico.&nbsp;<strong>Sin embargo, record\u00f3 que es necesario estar pendientes de todos los semovientes porque algunos pueden ser al\u00e9rgicos y presentar una reacci\u00f3n adversa<\/strong>, pero desde que sean tratados a tiempo, no hay inconvenientes.<\/p>\n\n\n\n<p><a href=\"https:\/\/www.contextoganadero.com\/ganaderia-sostenible\/vecol-pide-no-bajar-la-guardia-durante-ii-ciclo-de-vacunacion\">https:\/\/www.contextoganadero.com\/ganaderia-sostenible\/vecol-pide-no-bajar-la-guardia-durante-ii-ciclo-de-vacunacion<\/a><\/p>","protected":false},"excerpt":{"rendered":"<p>Aftogan 2ML de Vecol es uno de los biol\u00f3gicos que se aplican en el 80 % de los animales del pa\u00eds. Foto: Fegacesar. Pese a las condiciones clim\u00e1ticas adversas, el laboratorio les pide a los productores hacer el esfuerzo y aplicar el biol\u00f3gico que garantiza la sanidad del hato y el estatus libre de aftosa. [&hellip;]<\/p>\n","protected":false},"author":1,"featured_media":3221,"comment_status":"closed","ping_status":"closed","sticky":false,"template":"","format":"link","meta":{"_acf_changed":false,"site-sidebar-layout":"default","site-content-layout":"default","ast-site-content-layout":"default","site-content-style":"default","site-sidebar-style":"default","ast-global-header-display":"","ast-banner-title-visibility":"","ast-main-header-display":"","ast-hfb-above-header-display":"","ast-hfb-below-header-display":"","ast-hfb-mobile-header-display":"","site-post-title":"","ast-breadcrumbs-content":"","ast-featured-img":"","footer-sml-layout":"","ast-disable-related-posts":"","theme-transparent-header-meta":"default","adv-header-id-meta":"","stick-header-meta":"","header-above-stick-meta":"","header-main-stick-meta":"","header-below-stick-meta":"","astra-migrate-meta-layouts":"set","ast-page-background-enabled":"default","ast-page-background-meta":{"desktop":{"background-color":"","background-image":"","background-repeat":"repeat","background-position":"center center","background-size":"auto","background-attachment":"scroll","background-type":"","background-media":"","overlay-type":"","overlay-color":"","overlay-opacity":"","overlay-gradient":""},"tablet":{"background-color":"","background-image":"","background-repeat":"repeat","background-position":"center center","background-size":"auto","background-attachment":"scroll","background-type":"","background-media":"","overlay-type":"","overlay-color":"","overlay-opacity":"","overlay-gradient":""},"mobile":{"background-color":"","background-image":"","background-repeat":"repeat","background-position":"center center","background-size":"auto","background-attachment":"scroll","background-type":"","background-media":"","overlay-type":"","overlay-color":"","overlay-opacity":"","overlay-gradient":""}},"ast-content-background-meta":{"desktop":{"background-color":"var(--ast-global-color-5)","background-image":"","background-repeat":"repeat","background-position":"center center","background-size":"auto","background-attachment":"scroll","background-type":"","background-media":"","overlay-type":"","overlay-color":"","overlay-opacity":"","overlay-gradient":""},"tablet":{"background-color":"var(--ast-global-color-5)","background-image":"","background-repeat":"repeat","background-position":"center center","background-size":"auto","background-attachment":"scroll","background-type":"","background-media":"","overlay-type":"","overlay-color":"","overlay-opacity":"","overlay-gradient":""},"mobile":{"background-color":"var(--ast-global-color-5)","background-image":"","background-repeat":"repeat","background-position":"center center","background-size":"auto","background-attachment":"scroll","background-type":"","background-media":"","overlay-type":"","overlay-color":"","overlay-opacity":"","overlay-gradient":""}},"footnotes":""},"categories":[37],"tags":[],"class_list":["post-3208","post","type-post","status-publish","format-link","has-post-thumbnail","hentry","category-noticias","post_format-post-format-link"],"acf":[],"yoast_head":"<!-- This site is optimized with the Yoast SEO plugin v27.4 - https:\/\/yoast.com\/product\/yoast-seo-wordpress\/ -->\n<title>Mantente alerta en el II Ciclo de vacunaci\u00f3n | VECOL<\/title>\n<meta name=\"robots\" content=\"index, follow, max-snippet:-1, max-image-preview:large, max-video-preview:-1\" \/>\n<link rel=\"canonical\" href=\"https:\/\/www.vecol.com.co\/en\/2020\/11\/27\/vecol-pide-no-bajar-la-guardia-durante-ii-ciclo-de-vacunacion\/\" \/>\n<meta property=\"og:locale\" content=\"en_US\" \/>\n<meta property=\"og:type\" content=\"article\" \/>\n<meta property=\"og:title\" content=\"Mantente alerta en el II Ciclo de vacunaci\u00f3n | VECOL\" \/>\n<meta property=\"og:description\" content=\"Aftogan 2ML de Vecol es uno de los biol\u00f3gicos que se aplican en el 80 % de los animales del pa\u00eds. Foto: Fegacesar. Pese a las condiciones clim\u00e1ticas adversas, el laboratorio les pide a los productores hacer el esfuerzo y aplicar el biol\u00f3gico que garantiza la sanidad del hato y el estatus libre de aftosa. [&hellip;]\" \/>\n<meta property=\"og:url\" content=\"https:\/\/www.vecol.com.co\/en\/2020\/11\/27\/vecol-pide-no-bajar-la-guardia-durante-ii-ciclo-de-vacunacion\/\" \/>\n<meta property=\"og:site_name\" content=\"VECOL\" \/>\n<meta property=\"article:publisher\" content=\"https:\/\/www.facebook.com\/vecolveterinaria\" \/>\n<meta property=\"article:published_time\" content=\"2020-11-27T11:53:53+00:00\" \/>\n<meta property=\"article:modified_time\" content=\"2024-12-05T21:46:51+00:00\" \/>\n<meta property=\"og:image\" content=\"https:\/\/www.vecol.com.co\/wp-content\/uploads\/2020\/11\/Dise\u00f1o-sin-t\u00edtulo-2020-12-15T154317.185.png\" \/>\n\t<meta property=\"og:image:width\" content=\"700\" \/>\n\t<meta property=\"og:image:height\" content=\"400\" \/>\n\t<meta property=\"og:image:type\" content=\"image\/png\" \/>\n<meta name=\"author\" content=\"adminvecol\" \/>\n<meta name=\"twitter:card\" content=\"summary_large_image\" \/>\n<meta name=\"twitter:creator\" content=\"@VecolColombia\" \/>\n<meta name=\"twitter:site\" content=\"@VecolColombia\" \/>\n<meta name=\"twitter:label1\" content=\"Written by\" \/>\n\t<meta name=\"twitter:data1\" content=\"adminvecol\" \/>\n\t<meta name=\"twitter:label2\" content=\"Est. reading time\" \/>\n\t<meta name=\"twitter:data2\" content=\"2 minutes\" \/>\n<script type=\"application\/ld+json\" class=\"yoast-schema-graph\">{\"@context\":\"https:\\\/\\\/schema.org\",\"@graph\":[{\"@type\":\"Article\",\"@id\":\"https:\\\/\\\/www.vecol.com.co\\\/2020\\\/11\\\/27\\\/vecol-pide-no-bajar-la-guardia-durante-ii-ciclo-de-vacunacion\\\/#article\",\"isPartOf\":{\"@id\":\"https:\\\/\\\/www.vecol.com.co\\\/2020\\\/11\\\/27\\\/vecol-pide-no-bajar-la-guardia-durante-ii-ciclo-de-vacunacion\\\/\"},\"author\":{\"name\":\"adminvecol\",\"@id\":\"https:\\\/\\\/www.vecol.com.co\\\/#\\\/schema\\\/person\\\/4b00c482841ba42129831763533a3c7b\"},\"headline\":\"Vecol pide no bajar la guardia durante II Ciclo de Vacunaci\u00f3n\",\"datePublished\":\"2020-11-27T11:53:53+00:00\",\"dateModified\":\"2024-12-05T21:46:51+00:00\",\"mainEntityOfPage\":{\"@id\":\"https:\\\/\\\/www.vecol.com.co\\\/2020\\\/11\\\/27\\\/vecol-pide-no-bajar-la-guardia-durante-ii-ciclo-de-vacunacion\\\/\"},\"wordCount\":443,\"publisher\":{\"@id\":\"https:\\\/\\\/www.vecol.com.co\\\/#organization\"},\"image\":{\"@id\":\"https:\\\/\\\/www.vecol.com.co\\\/2020\\\/11\\\/27\\\/vecol-pide-no-bajar-la-guardia-durante-ii-ciclo-de-vacunacion\\\/#primaryimage\"},\"thumbnailUrl\":\"https:\\\/\\\/www.vecol.com.co\\\/wp-content\\\/uploads\\\/2020\\\/11\\\/Dise\u00f1o-sin-t\u00edtulo-2020-12-15T154317.185.png\",\"articleSection\":[\"Noticias\"],\"inLanguage\":\"en-US\"},{\"@type\":\"WebPage\",\"@id\":\"https:\\\/\\\/www.vecol.com.co\\\/2020\\\/11\\\/27\\\/vecol-pide-no-bajar-la-guardia-durante-ii-ciclo-de-vacunacion\\\/\",\"url\":\"https:\\\/\\\/www.vecol.com.co\\\/2020\\\/11\\\/27\\\/vecol-pide-no-bajar-la-guardia-durante-ii-ciclo-de-vacunacion\\\/\",\"name\":\"Mantente alerta en el II Ciclo de vacunaci\u00f3n | VECOL\",\"isPartOf\":{\"@id\":\"https:\\\/\\\/www.vecol.com.co\\\/#website\"},\"primaryImageOfPage\":{\"@id\":\"https:\\\/\\\/www.vecol.com.co\\\/2020\\\/11\\\/27\\\/vecol-pide-no-bajar-la-guardia-durante-ii-ciclo-de-vacunacion\\\/#primaryimage\"},\"image\":{\"@id\":\"https:\\\/\\\/www.vecol.com.co\\\/2020\\\/11\\\/27\\\/vecol-pide-no-bajar-la-guardia-durante-ii-ciclo-de-vacunacion\\\/#primaryimage\"},\"thumbnailUrl\":\"https:\\\/\\\/www.vecol.com.co\\\/wp-content\\\/uploads\\\/2020\\\/11\\\/Dise\u00f1o-sin-t\u00edtulo-2020-12-15T154317.185.png\",\"datePublished\":\"2020-11-27T11:53:53+00:00\",\"dateModified\":\"2024-12-05T21:46:51+00:00\",\"breadcrumb\":{\"@id\":\"https:\\\/\\\/www.vecol.com.co\\\/2020\\\/11\\\/27\\\/vecol-pide-no-bajar-la-guardia-durante-ii-ciclo-de-vacunacion\\\/#breadcrumb\"},\"inLanguage\":\"en-US\",\"potentialAction\":[{\"@type\":\"ReadAction\",\"target\":[\"https:\\\/\\\/www.vecol.com.co\\\/2020\\\/11\\\/27\\\/vecol-pide-no-bajar-la-guardia-durante-ii-ciclo-de-vacunacion\\\/\"]}]},{\"@type\":\"ImageObject\",\"inLanguage\":\"en-US\",\"@id\":\"https:\\\/\\\/www.vecol.com.co\\\/2020\\\/11\\\/27\\\/vecol-pide-no-bajar-la-guardia-durante-ii-ciclo-de-vacunacion\\\/#primaryimage\",\"url\":\"https:\\\/\\\/www.vecol.com.co\\\/wp-content\\\/uploads\\\/2020\\\/11\\\/Dise\u00f1o-sin-t\u00edtulo-2020-12-15T154317.185.png\",\"contentUrl\":\"https:\\\/\\\/www.vecol.com.co\\\/wp-content\\\/uploads\\\/2020\\\/11\\\/Dise\u00f1o-sin-t\u00edtulo-2020-12-15T154317.185.png\",\"width\":700,\"height\":400,\"caption\":\"Dise\u00f1o sin t\u00edtulo 2020 12 15T154317.185\"},{\"@type\":\"BreadcrumbList\",\"@id\":\"https:\\\/\\\/www.vecol.com.co\\\/2020\\\/11\\\/27\\\/vecol-pide-no-bajar-la-guardia-durante-ii-ciclo-de-vacunacion\\\/#breadcrumb\",\"itemListElement\":[{\"@type\":\"ListItem\",\"position\":1,\"name\":\"Inicio\",\"item\":\"https:\\\/\\\/www.vecol.com.co\\\/\"},{\"@type\":\"ListItem\",\"position\":2,\"name\":\"Noticias\",\"item\":\"https:\\\/\\\/www.vecol.com.co\\\/category\\\/noticias\\\/\"},{\"@type\":\"ListItem\",\"position\":3,\"name\":\"Vecol pide no bajar la guardia durante II Ciclo de Vacunaci\u00f3n\"}]},{\"@type\":\"WebSite\",\"@id\":\"https:\\\/\\\/www.vecol.com.co\\\/#website\",\"url\":\"https:\\\/\\\/www.vecol.com.co\\\/\",\"name\":\"VECOL\",\"description\":\"Empresa Colombiana de Productos Veterinarios\",\"publisher\":{\"@id\":\"https:\\\/\\\/www.vecol.com.co\\\/#organization\"},\"potentialAction\":[{\"@type\":\"SearchAction\",\"target\":{\"@type\":\"EntryPoint\",\"urlTemplate\":\"https:\\\/\\\/www.vecol.com.co\\\/?s={search_term_string}\"},\"query-input\":{\"@type\":\"PropertyValueSpecification\",\"valueRequired\":true,\"valueName\":\"search_term_string\"}}],\"inLanguage\":\"en-US\"},{\"@type\":\"Organization\",\"@id\":\"https:\\\/\\\/www.vecol.com.co\\\/#organization\",\"name\":\"Empresa Colombiana de Productos Veterinarios\",\"url\":\"https:\\\/\\\/www.vecol.com.co\\\/\",\"logo\":{\"@type\":\"ImageObject\",\"inLanguage\":\"en-US\",\"@id\":\"https:\\\/\\\/www.vecol.com.co\\\/#\\\/schema\\\/logo\\\/image\\\/\",\"url\":\"https:\\\/\\\/www.vecol.com.co\\\/wp-content\\\/uploads\\\/2023\\\/07\\\/logoVecol.png\",\"contentUrl\":\"https:\\\/\\\/www.vecol.com.co\\\/wp-content\\\/uploads\\\/2023\\\/07\\\/logoVecol.png\",\"width\":106,\"height\":106,\"caption\":\"Empresa Colombiana de Productos Veterinarios\"},\"image\":{\"@id\":\"https:\\\/\\\/www.vecol.com.co\\\/#\\\/schema\\\/logo\\\/image\\\/\"},\"sameAs\":[\"https:\\\/\\\/www.facebook.com\\\/vecolveterinaria\",\"https:\\\/\\\/x.com\\\/VecolColombia\"]},{\"@type\":\"Person\",\"@id\":\"https:\\\/\\\/www.vecol.com.co\\\/#\\\/schema\\\/person\\\/4b00c482841ba42129831763533a3c7b\",\"name\":\"adminvecol\",\"url\":\"https:\\\/\\\/www.vecol.com.co\\\/en\\\/author\\\/adminvecol\\\/\"}]}<\/script>\n<!-- \/ Yoast SEO plugin. -->","yoast_head_json":{"title":"Mantente alerta en el II Ciclo de vacunaci\u00f3n | VECOL","robots":{"index":"index","follow":"follow","max-snippet":"max-snippet:-1","max-image-preview":"max-image-preview:large","max-video-preview":"max-video-preview:-1"},"canonical":"https:\/\/www.vecol.com.co\/en\/2020\/11\/27\/vecol-pide-no-bajar-la-guardia-durante-ii-ciclo-de-vacunacion\/","og_locale":"en_US","og_type":"article","og_title":"Mantente alerta en el II Ciclo de vacunaci\u00f3n | VECOL","og_description":"Aftogan 2ML de Vecol es uno de los biol\u00f3gicos que se aplican en el 80 % de los animales del pa\u00eds. Foto: Fegacesar. Pese a las condiciones clim\u00e1ticas adversas, el laboratorio les pide a los productores hacer el esfuerzo y aplicar el biol\u00f3gico que garantiza la sanidad del hato y el estatus libre de aftosa. [&hellip;]","og_url":"https:\/\/www.vecol.com.co\/en\/2020\/11\/27\/vecol-pide-no-bajar-la-guardia-durante-ii-ciclo-de-vacunacion\/","og_site_name":"VECOL","article_publisher":"https:\/\/www.facebook.com\/vecolveterinaria","article_published_time":"2020-11-27T11:53:53+00:00","article_modified_time":"2024-12-05T21:46:51+00:00","og_image":[{"width":700,"height":400,"url":"https:\/\/www.vecol.com.co\/wp-content\/uploads\/2020\/11\/Dise\u00f1o-sin-t\u00edtulo-2020-12-15T154317.185.png","type":"image\/png"}],"author":"adminvecol","twitter_card":"summary_large_image","twitter_creator":"@VecolColombia","twitter_site":"@VecolColombia","twitter_misc":{"Written by":"adminvecol","Est. reading time":"2 minutes"},"schema":{"@context":"https:\/\/schema.org","@graph":[{"@type":"Article","@id":"https:\/\/www.vecol.com.co\/2020\/11\/27\/vecol-pide-no-bajar-la-guardia-durante-ii-ciclo-de-vacunacion\/#article","isPartOf":{"@id":"https:\/\/www.vecol.com.co\/2020\/11\/27\/vecol-pide-no-bajar-la-guardia-durante-ii-ciclo-de-vacunacion\/"},"author":{"name":"adminvecol","@id":"https:\/\/www.vecol.com.co\/#\/schema\/person\/4b00c482841ba42129831763533a3c7b"},"headline":"Vecol pide no bajar la guardia durante II Ciclo de Vacunaci\u00f3n","datePublished":"2020-11-27T11:53:53+00:00","dateModified":"2024-12-05T21:46:51+00:00","mainEntityOfPage":{"@id":"https:\/\/www.vecol.com.co\/2020\/11\/27\/vecol-pide-no-bajar-la-guardia-durante-ii-ciclo-de-vacunacion\/"},"wordCount":443,"publisher":{"@id":"https:\/\/www.vecol.com.co\/#organization"},"image":{"@id":"https:\/\/www.vecol.com.co\/2020\/11\/27\/vecol-pide-no-bajar-la-guardia-durante-ii-ciclo-de-vacunacion\/#primaryimage"},"thumbnailUrl":"https:\/\/www.vecol.com.co\/wp-content\/uploads\/2020\/11\/Dise\u00f1o-sin-t\u00edtulo-2020-12-15T154317.185.png","articleSection":["Noticias"],"inLanguage":"en-US"},{"@type":"WebPage","@id":"https:\/\/www.vecol.com.co\/2020\/11\/27\/vecol-pide-no-bajar-la-guardia-durante-ii-ciclo-de-vacunacion\/","url":"https:\/\/www.vecol.com.co\/2020\/11\/27\/vecol-pide-no-bajar-la-guardia-durante-ii-ciclo-de-vacunacion\/","name":"Mantente alerta en el II Ciclo de vacunaci\u00f3n | VECOL","isPartOf":{"@id":"https:\/\/www.vecol.com.co\/#website"},"primaryImageOfPage":{"@id":"https:\/\/www.vecol.com.co\/2020\/11\/27\/vecol-pide-no-bajar-la-guardia-durante-ii-ciclo-de-vacunacion\/#primaryimage"},"image":{"@id":"https:\/\/www.vecol.com.co\/2020\/11\/27\/vecol-pide-no-bajar-la-guardia-durante-ii-ciclo-de-vacunacion\/#primaryimage"},"thumbnailUrl":"https:\/\/www.vecol.com.co\/wp-content\/uploads\/2020\/11\/Dise\u00f1o-sin-t\u00edtulo-2020-12-15T154317.185.png","datePublished":"2020-11-27T11:53:53+00:00","dateModified":"2024-12-05T21:46:51+00:00","breadcrumb":{"@id":"https:\/\/www.vecol.com.co\/2020\/11\/27\/vecol-pide-no-bajar-la-guardia-durante-ii-ciclo-de-vacunacion\/#breadcrumb"},"inLanguage":"en-US","potentialAction":[{"@type":"ReadAction","target":["https:\/\/www.vecol.com.co\/2020\/11\/27\/vecol-pide-no-bajar-la-guardia-durante-ii-ciclo-de-vacunacion\/"]}]},{"@type":"ImageObject","inLanguage":"en-US","@id":"https:\/\/www.vecol.com.co\/2020\/11\/27\/vecol-pide-no-bajar-la-guardia-durante-ii-ciclo-de-vacunacion\/#primaryimage","url":"https:\/\/www.vecol.com.co\/wp-content\/uploads\/2020\/11\/Dise\u00f1o-sin-t\u00edtulo-2020-12-15T154317.185.png","contentUrl":"https:\/\/www.vecol.com.co\/wp-content\/uploads\/2020\/11\/Dise\u00f1o-sin-t\u00edtulo-2020-12-15T154317.185.png","width":700,"height":400,"caption":"Dise\u00f1o sin t\u00edtulo 2020 12 15T154317.185"},{"@type":"BreadcrumbList","@id":"https:\/\/www.vecol.com.co\/2020\/11\/27\/vecol-pide-no-bajar-la-guardia-durante-ii-ciclo-de-vacunacion\/#breadcrumb","itemListElement":[{"@type":"ListItem","position":1,"name":"Inicio","item":"https:\/\/www.vecol.com.co\/"},{"@type":"ListItem","position":2,"name":"Noticias","item":"https:\/\/www.vecol.com.co\/category\/noticias\/"},{"@type":"ListItem","position":3,"name":"Vecol pide no bajar la guardia durante II Ciclo de Vacunaci\u00f3n"}]},{"@type":"WebSite","@id":"https:\/\/www.vecol.com.co\/#website","url":"https:\/\/www.vecol.com.co\/","name":"VECOL","description":"Colombian Veterinary Products Company","publisher":{"@id":"https:\/\/www.vecol.com.co\/#organization"},"potentialAction":[{"@type":"SearchAction","target":{"@type":"EntryPoint","urlTemplate":"https:\/\/www.vecol.com.co\/?s={search_term_string}"},"query-input":{"@type":"PropertyValueSpecification","valueRequired":true,"valueName":"search_term_string"}}],"inLanguage":"en-US"},{"@type":"Organization","@id":"https:\/\/www.vecol.com.co\/#organization","name":"Colombian Veterinary Products Company","url":"https:\/\/www.vecol.com.co\/","logo":{"@type":"ImageObject","inLanguage":"en-US","@id":"https:\/\/www.vecol.com.co\/#\/schema\/logo\/image\/","url":"https:\/\/www.vecol.com.co\/wp-content\/uploads\/2023\/07\/logoVecol.png","contentUrl":"https:\/\/www.vecol.com.co\/wp-content\/uploads\/2023\/07\/logoVecol.png","width":106,"height":106,"caption":"Empresa Colombiana de Productos Veterinarios"},"image":{"@id":"https:\/\/www.vecol.com.co\/#\/schema\/logo\/image\/"},"sameAs":["https:\/\/www.facebook.com\/vecolveterinaria","https:\/\/x.com\/VecolColombia"]},{"@type":"Person","@id":"https:\/\/www.vecol.com.co\/#\/schema\/person\/4b00c482841ba42129831763533a3c7b","name":"adminvecol","url":"https:\/\/www.vecol.com.co\/en\/author\/adminvecol\/"}]}},"_links":{"self":[{"href":"https:\/\/www.vecol.com.co\/en\/wp-json\/wp\/v2\/posts\/3208","targetHints":{"allow":["GET"]}}],"collection":[{"href":"https:\/\/www.vecol.com.co\/en\/wp-json\/wp\/v2\/posts"}],"about":[{"href":"https:\/\/www.vecol.com.co\/en\/wp-json\/wp\/v2\/types\/post"}],"author":[{"embeddable":true,"href":"https:\/\/www.vecol.com.co\/en\/wp-json\/wp\/v2\/users\/1"}],"replies":[{"embeddable":true,"href":"https:\/\/www.vecol.com.co\/en\/wp-json\/wp\/v2\/comments?post=3208"}],"version-history":[{"count":3,"href":"https:\/\/www.vecol.com.co\/en\/wp-json\/wp\/v2\/posts\/3208\/revisions"}],"predecessor-version":[{"id":11658,"href":"https:\/\/www.vecol.com.co\/en\/wp-json\/wp\/v2\/posts\/3208\/revisions\/11658"}],"wp:featuredmedia":[{"embeddable":true,"href":"https:\/\/www.vecol.com.co\/en\/wp-json\/wp\/v2\/media\/3221"}],"wp:attachment":[{"href":"https:\/\/www.vecol.com.co\/en\/wp-json\/wp\/v2\/media?parent=3208"}],"wp:term":[{"taxonomy":"category","embeddable":true,"href":"https:\/\/www.vecol.com.co\/en\/wp-json\/wp\/v2\/categories?post=3208"},{"taxonomy":"post_tag","embeddable":true,"href":"https:\/\/www.vecol.com.co\/en\/wp-json\/wp\/v2\/tags?post=3208"}],"curies":[{"name":"wp","href":"https:\/\/api.w.org\/{rel}","templated":true}]}}