{"id":2426,"date":"2020-07-14T17:01:01","date_gmt":"2020-07-14T22:01:01","guid":{"rendered":"https:\/\/www.vecol.com.co\/?p=2426"},"modified":"2024-12-05T16:48:28","modified_gmt":"2024-12-05T21:48:28","slug":"que-hace-vecol-cuando-hay-una-reaccion-adversa-a-la-vacuna-contra-aftosa","status":"publish","type":"post","link":"https:\/\/www.vecol.com.co\/en\/2020\/07\/14\/que-hace-vecol-cuando-hay-una-reaccion-adversa-a-la-vacuna-contra-aftosa\/","title":{"rendered":"\u00bfQu\u00e9 hace Vecol cuando hay una reacci\u00f3n adversa a la vacuna contra aftosa?"},"content":{"rendered":"<p><em>A prop\u00f3sito del primer ciclo de vacunaci\u00f3n contra fiebre aftosa de 2020 que inici\u00f3 el pasado 18 de mayo, CONtexto ganadero entrevist\u00f3 al presidente de la Empresa Colombiana de Productos Veterinarios (Vecol) sobre el papel del laboratorio, especialmente con la coyuntura de la COVID-19.&nbsp;<\/em><\/p>\n\n\n\n<p>En estos momentos, el sector agropecuario asumi\u00f3 el enorme reto de continuar produciendo alimentos en medio de la pandemia por el nuevo coronavirus y el aislamiento obligatorio preventivo que decret\u00f3 el Gobierno para prevenir un mayor contagio.<\/p>\n\n\n\n<p>Una de las empresas que no ha dejado de trabajar en esta coyuntura es Vecol, como revel\u00f3 su presidente, Juan Aurelio Moncada Garrido, que redobl\u00f3 esfuerzos en el preludio del primer ciclo de vacunaci\u00f3n contra fiebre aftosa de 2020, que es in\u00e9dito en la historia reciente.&nbsp;<\/p>\n\n\n\n<p><strong>CONtexto ganadero (CG): \u00bfCu\u00e1l es el rol que cumple Vecol dentro del primer ciclo de vacunaci\u00f3n contra fiebre aftosa y brucelosis de 2020?<\/strong><\/p>\n\n\n\n<p><strong>Juan Aurelio Moncada Garrido (JAMG):&nbsp;<\/strong>Vecol S. A. es el principal proveedor de los biol\u00f3gicos para la campa\u00f1a antiaftosa: vacuna antiaftosa Aftog\u00e1n 2 ML y vacuna Cepa 19. La vacuna Aftog\u00e1n 2 ML de Vecol S. A. es utilizada para inmunizar m\u00e1s del 70 % del inventario total de bovinos existentes del pa\u00eds. Lo mismo las terneras vacunadas contra Brucelosis bovina en la edad reglamentaria de 3 a 8 meses con la Cepa 19. &nbsp; &nbsp;<\/p>\n\n\n\n<p><strong>Para el primer ciclo de vacunaci\u00f3n 2020 se produjeron 32&nbsp;865 445 dosis de Aftog\u00e1n 2 ML y 1&nbsp;452 515 de Cepa 19<\/strong>. (Lea:&nbsp;<strong><a href=\"https:\/\/www.contextoganadero.com\/ganaderia-sostenible\/cuidados-y-precauciones-tener-en-cuenta-al-momento-de-vacunar-contra-la-fiebre\">Cuidados y precauciones a tener en cuenta al momento de vacunar contra la fiebre aftosa<\/a><\/strong>)<\/p>\n\n\n\n<p><strong>CG: \u00bfC\u00f3mo es el trabajo entre Vecol, Fedeg\u00e1n, el Fondo Nacional del Ganado y el ICA para adelantar esta tarea?<\/strong><\/p>\n\n\n\n<p><strong>JAMG:&nbsp;<\/strong>Es un trabajo mancomunado en el que cada una de las entidades cumple su respectivo rol: Vecol S.A. provee los biol\u00f3gicos Aftog\u00e1n y Cepa 19, utilizados durante la campa\u00f1a en suficientes cantidades para asegurar la ejecuci\u00f3n exitosa del respectivo Ciclo. Un mes antes de comenzar,&nbsp;<strong>Vecol capacita a los vacunadores y colegas de Fedeg\u00e1n de los diferentes proyectos locales en el manejo adecuado de los biol\u00f3gicos y la atenci\u00f3n de posibles reacciones adversas<\/strong>&nbsp;que se presenten durante el ciclo. En caso de muerte de algunos animales por reacciones adversas, los t\u00e9cnicos de Vecol S.A. visitan el predio, realizan la respectiva necropsia, toman las muestras y las entregan al Laboratorio Nacional de Diagn\u00f3stico Veterinario del ICA en Bogot\u00e1, para que el ICA determine la causa de la muerte del animal. Con base en todo lo anterior se le da una respuesta al ganadero y al Sistema Nacional de Farmacovigilancia del ICA.&nbsp;<\/p>\n\n\n\n<p>Por su parte, Fedeg\u00e1n y el Fondo Nacional del Ganado son los ejecutores de la campa\u00f1a, es decir, se encargan de aplicar los biol\u00f3gicos a nivel de campo. Para ello disponen de oficinas locales en diferentes municipios del pa\u00eds que son lideradas por un profesional m\u00e9dico veterinario, acompa\u00f1ado de una secretaria y personal de apoyo. Fedeg\u00e1n contrata al personal de vacunadores durante la campa\u00f1a en cada una de las sedes locales, en donde dispone de cavas para conservar los biol\u00f3gicos adecuadamente, es decir conservando la cadena de fr\u00edo hasta la aplicaci\u00f3n en los animales. (Lea:&nbsp;<strong><a href=\"https:\/\/www.contextoganadero.com\/ganaderia-sostenible\/ganadero-cuidado-con-las-sanciones-por-no-vacunar\">Ganadero, cuidado con las sanciones por no vacunar<\/a><\/strong>)<\/p>\n\n\n\n<p>El ICA, como entidad rectora de la sanidad animal del pa\u00eds, vigila y supervisa todo este proceso de vacunaci\u00f3n. Atiende reclamos de los ganaderos en los casos que se presenten reacciones adversas en algunos animales susceptibles o al\u00e9rgicos a los componentes de los biol\u00f3gicos&nbsp;<strong>y se los hace conocer al laboratorio productor (Vecol), para que los atienda y d\u00e9 respuesta t\u00e9cnica por medio del Sistema Nacional de Farmacovigilancia<\/strong>. Hay una comunicaci\u00f3n permanente entre estas entidades para satisfacer oportunamente las inquietudes y problemas que se puedan presentar durante el ciclo.<\/p>\n\n\n\n<p><strong>CG: \u00bfC\u00f3mo trabaja Vecol con las organizaciones ejecutoras del ciclo?<\/strong><\/p>\n\n\n\n<p><strong>JAMG:&nbsp;<\/strong>Muy estrechamente, apoy\u00e1ndolas con refrigerantes, antihistam\u00ednicos y antiinflamatorios, para que los vacunadores los tengan disponibles permanentemente en sus cavas al salir a vacunar. Se coordina con los l\u00edderes locales de Fedeg\u00e1n y las Organizaciones Ejecutoras Ganaderas Autorizadas (OEGAs) el acompa\u00f1amiento t\u00e9cnico a algunas fincas con problemas de reacciones adversas, supervisando all\u00ed la vacunaci\u00f3n y atendiendo los animales reaccionantes.&nbsp;<strong>Vecol tambi\u00e9n realiza un gran trabajo log\u00edstico entregando los biol\u00f3gicos a tiempo para que no les falten durante la campa\u00f1a<\/strong>.<\/p>\n\n\n\n<p><strong>CG: \u00bfQu\u00e9 tareas realiza Vecol antes del ciclo, durante el ciclo y despu\u00e9s del ciclo?<\/strong><\/p>\n\n\n\n<p><strong>JAMG: Antes del ciclo<\/strong>, produce los biol\u00f3gicos a ser utilizados durante la campa\u00f1a y los somete a las pruebas de calidad que realiza el ICA para su liberaci\u00f3n.&nbsp;<strong>Durante el ciclo<\/strong>, entrega los biol\u00f3gicos a las diferentes OEGAS y Fedeg\u00e1n. Capacita a los vacunadores y colegas de Fedeg\u00e1n en el manejo de los biol\u00f3gicos y atenci\u00f3n de posibles reacciones adversas. Atiende todos los casos de reacciones adversas y en el caso de muertes realiza necropsias, toma muestras y se las entrega al ICA para aclarar la causa de esas muertes. Le da una respuesta t\u00e9cnica al ganadero sobre las reacciones adversas ocurridas en el predio y lo mismo le responde al ICA a trav\u00e9s del Sistema Nacional de Farmacovigilancia. Est\u00e1 pendiente de que no falten antihistam\u00ednicos, antiinflamatorios y refrigerantes durante la campa\u00f1a, apoy\u00e1ndolos oportunamente.&nbsp;<\/p>\n\n\n\n<p><strong>Despu\u00e9s del ciclo<\/strong>, responde al ganadero y al ICA sobre todas las reacciones adversas pendientes que se hayan presentado. Visita algunos predios para entregar personalmente las respuestas a los ganaderos aclar\u00e1ndoles por qu\u00e9 se presentan las reacciones adversas en algunos animales y dej\u00e1ndole recomendaciones para el mejor manejo de estas en el siguiente ciclo y si es necesario realizar el acompa\u00f1amiento t\u00e9cnico para atender los animales al\u00e9rgicos.&nbsp;<\/p>\n\n\n\n<p><strong>CG: \u00bfQu\u00e9 medidas ha tomado el laboratorio para producir las vacunas en medio de la cuarentena ocasionada por el coronavirus?<\/strong><\/p>\n\n\n\n<p><strong>JAMG:&nbsp;<\/strong>Vecol no se ha detenido, ha implementado estrictos protocolos de bioseguridad para proteger la salud de sus colaboradores y de una forma segura le ha cumplido a los ganaderos con tener disponibilidad oportuna de los biol\u00f3gicos y f\u00e1rmacos que se requieren para la campa\u00f1a de vacunaci\u00f3n y para la sanidad animal en general en el pais.&nbsp;(Informe:&nbsp;<strong><a href=\"https:\/\/www.contextoganadero.com\/ganaderia-sostenible\/ciclo-de-vacunacion-un-reto-con-el-pais-y-la-bioseguridad\">Ciclo de vacunaci\u00f3n: un reto con el pa\u00eds y la bioseguridad<\/a><\/strong>)<\/p>\n\n\n\n<p><strong>CG: \u00bfQu\u00e9 medidas de bioseguridad se aplican en el env\u00edo de las vacunas a los comit\u00e9s?<\/strong><\/p>\n\n\n\n<p><strong>JAMG:&nbsp;<\/strong>Si. Como parte de las medidas tomadas, el personal que alista las neveras de icopor (cavas) con los productos, utiliza la dotaci\u00f3n requerida (overol, guantes, tapabocas y gafas). Se contratan empresas transportadoras que tambi\u00e9n est\u00e1n utilizando protocolos de seguridad.&nbsp;<\/p>\n\n\n\n<p>Por otro lado, estamos trabajando con el Departamento de Seguridad y Salud en el Trabajo para desinfectar continuamente todas las \u00e1reas de la compa\u00f1\u00eda y, de esta forma, minimizar que se produzcan contagios.&nbsp;(Informe:&nbsp;<strong><a href=\"https:\/\/www.contextoganadero.com\/ganaderia-sostenible\/asi-ha-trabajado-fedegan-con-el-fng-para-recuperar-el-estatus-de-la-fiebre\">As\u00ed ha trabajado Fedeg\u00e1n con el FNG para recuperar el estatus de la fiebre aftosa<\/a><\/strong>)<\/p>\n\n\n\n<p><strong>CG: \u00bfDe qu\u00e9 manera ha apoyado Vecol los protocolos de bioseguridad que se deben cumplir en este ciclo?<\/strong><\/p>\n\n\n\n<p><strong>JAMG:&nbsp;<\/strong>Vecol est\u00e1 comprometido con el cumplimiento de los protocolos establecidos para el sector pecuario, as\u00ed como tambi\u00e9n para los m\u00e9dicos veterinarios.&nbsp;<strong>La compa\u00f1\u00eda provee a sus t\u00e9cnicos de todos los elementos necesarios para cumplir con dichos protocolos<\/strong>. En la medida en que el Gobierno ajuste los protocolos, Vecol estar\u00e1 respondiendo positivamente a los requerimientos para garantizar la bioseguridad tanto para sus colaboradores como para los productores del campo.<\/p>\n\n\n\n<p>Fuente: <a href=\"https:\/\/www.contextoganadero.com\/\">https:\/\/www.contextoganadero.com\/<\/a><\/p>","protected":false},"excerpt":{"rendered":"<p>A prop\u00f3sito del primer ciclo de vacunaci\u00f3n contra fiebre aftosa de 2020 que inici\u00f3 el pasado 18 de mayo, CONtexto ganadero entrevist\u00f3 al presidente de la Empresa Colombiana de Productos Veterinarios (Vecol) sobre el papel del laboratorio, especialmente con la coyuntura de la COVID-19.&nbsp; En estos momentos, el sector agropecuario asumi\u00f3 el enorme reto de [&hellip;]<\/p>\n","protected":false},"author":1,"featured_media":2437,"comment_status":"closed","ping_status":"closed","sticky":false,"template":"","format":"standard","meta":{"_acf_changed":false,"site-sidebar-layout":"default","site-content-layout":"default","ast-site-content-layout":"default","site-content-style":"default","site-sidebar-style":"default","ast-global-header-display":"","ast-banner-title-visibility":"","ast-main-header-display":"","ast-hfb-above-header-display":"","ast-hfb-below-header-display":"","ast-hfb-mobile-header-display":"","site-post-title":"","ast-breadcrumbs-content":"","ast-featured-img":"","footer-sml-layout":"","ast-disable-related-posts":"","theme-transparent-header-meta":"default","adv-header-id-meta":"","stick-header-meta":"","header-above-stick-meta":"","header-main-stick-meta":"","header-below-stick-meta":"","astra-migrate-meta-layouts":"set","ast-page-background-enabled":"default","ast-page-background-meta":{"desktop":{"background-color":"","background-image":"","background-repeat":"repeat","background-position":"center center","background-size":"auto","background-attachment":"scroll","background-type":"","background-media":"","overlay-type":"","overlay-color":"","overlay-opacity":"","overlay-gradient":""},"tablet":{"background-color":"","background-image":"","background-repeat":"repeat","background-position":"center center","background-size":"auto","background-attachment":"scroll","background-type":"","background-media":"","overlay-type":"","overlay-color":"","overlay-opacity":"","overlay-gradient":""},"mobile":{"background-color":"","background-image":"","background-repeat":"repeat","background-position":"center center","background-size":"auto","background-attachment":"scroll","background-type":"","background-media":"","overlay-type":"","overlay-color":"","overlay-opacity":"","overlay-gradient":""}},"ast-content-background-meta":{"desktop":{"background-color":"var(--ast-global-color-5)","background-image":"","background-repeat":"repeat","background-position":"center center","background-size":"auto","background-attachment":"scroll","background-type":"","background-media":"","overlay-type":"","overlay-color":"","overlay-opacity":"","overlay-gradient":""},"tablet":{"background-color":"var(--ast-global-color-5)","background-image":"","background-repeat":"repeat","background-position":"center center","background-size":"auto","background-attachment":"scroll","background-type":"","background-media":"","overlay-type":"","overlay-color":"","overlay-opacity":"","overlay-gradient":""},"mobile":{"background-color":"var(--ast-global-color-5)","background-image":"","background-repeat":"repeat","background-position":"center center","background-size":"auto","background-attachment":"scroll","background-type":"","background-media":"","overlay-type":"","overlay-color":"","overlay-opacity":"","overlay-gradient":""}},"footnotes":""},"categories":[37],"tags":[],"class_list":["post-2426","post","type-post","status-publish","format-standard","has-post-thumbnail","hentry","category-noticias"],"acf":[],"yoast_head":"<!-- This site is optimized with the Yoast SEO plugin v27.5 - https:\/\/yoast.com\/product\/yoast-seo-wordpress\/ -->\n<title>Qu\u00e9 ocurre ante la reacci\u00f3n adversa a la vacuna aftosa | VECOL<\/title>\n<meta name=\"robots\" content=\"index, follow, max-snippet:-1, max-image-preview:large, max-video-preview:-1\" \/>\n<link rel=\"canonical\" href=\"https:\/\/www.vecol.com.co\/en\/2020\/07\/14\/que-hace-vecol-cuando-hay-una-reaccion-adversa-a-la-vacuna-contra-aftosa\/\" \/>\n<meta property=\"og:locale\" content=\"en_US\" \/>\n<meta property=\"og:type\" content=\"article\" \/>\n<meta property=\"og:title\" content=\"Qu\u00e9 ocurre ante la reacci\u00f3n adversa a la vacuna aftosa | VECOL\" \/>\n<meta property=\"og:description\" content=\"A prop\u00f3sito del primer ciclo de vacunaci\u00f3n contra fiebre aftosa de 2020 que inici\u00f3 el pasado 18 de mayo, CONtexto ganadero entrevist\u00f3 al presidente de la Empresa Colombiana de Productos Veterinarios (Vecol) sobre el papel del laboratorio, especialmente con la coyuntura de la COVID-19.&nbsp; En estos momentos, el sector agropecuario asumi\u00f3 el enorme reto de [&hellip;]\" \/>\n<meta property=\"og:url\" content=\"https:\/\/www.vecol.com.co\/en\/2020\/07\/14\/que-hace-vecol-cuando-hay-una-reaccion-adversa-a-la-vacuna-contra-aftosa\/\" \/>\n<meta property=\"og:site_name\" content=\"VECOL\" \/>\n<meta property=\"article:publisher\" content=\"https:\/\/www.facebook.com\/vecolveterinaria\" \/>\n<meta property=\"article:published_time\" content=\"2020-07-14T22:01:01+00:00\" \/>\n<meta property=\"article:modified_time\" content=\"2024-12-05T21:48:28+00:00\" \/>\n<meta property=\"og:image\" content=\"https:\/\/www.vecol.com.co\/wp-content\/uploads\/2020\/07\/Dise\u00f1o-sin-t\u00edtulo-2020-07-14T121539.417.png\" \/>\n\t<meta property=\"og:image:width\" content=\"700\" \/>\n\t<meta property=\"og:image:height\" content=\"400\" \/>\n\t<meta property=\"og:image:type\" content=\"image\/png\" \/>\n<meta name=\"author\" content=\"adminvecol\" \/>\n<meta name=\"twitter:card\" content=\"summary_large_image\" \/>\n<meta name=\"twitter:creator\" content=\"@VecolColombia\" \/>\n<meta name=\"twitter:site\" content=\"@VecolColombia\" \/>\n<meta name=\"twitter:label1\" content=\"Written by\" \/>\n\t<meta name=\"twitter:data1\" content=\"adminvecol\" \/>\n\t<meta name=\"twitter:label2\" content=\"Est. reading time\" \/>\n\t<meta name=\"twitter:data2\" content=\"7 minutes\" \/>\n<script type=\"application\/ld+json\" class=\"yoast-schema-graph\">{\"@context\":\"https:\\\/\\\/schema.org\",\"@graph\":[{\"@type\":\"Article\",\"@id\":\"https:\\\/\\\/www.vecol.com.co\\\/2020\\\/07\\\/14\\\/que-hace-vecol-cuando-hay-una-reaccion-adversa-a-la-vacuna-contra-aftosa\\\/#article\",\"isPartOf\":{\"@id\":\"https:\\\/\\\/www.vecol.com.co\\\/2020\\\/07\\\/14\\\/que-hace-vecol-cuando-hay-una-reaccion-adversa-a-la-vacuna-contra-aftosa\\\/\"},\"author\":{\"name\":\"adminvecol\",\"@id\":\"https:\\\/\\\/www.vecol.com.co\\\/#\\\/schema\\\/person\\\/4b00c482841ba42129831763533a3c7b\"},\"headline\":\"\u00bfQu\u00e9 hace Vecol cuando hay una reacci\u00f3n adversa a la vacuna contra aftosa?\",\"datePublished\":\"2020-07-14T22:01:01+00:00\",\"dateModified\":\"2024-12-05T21:48:28+00:00\",\"mainEntityOfPage\":{\"@id\":\"https:\\\/\\\/www.vecol.com.co\\\/2020\\\/07\\\/14\\\/que-hace-vecol-cuando-hay-una-reaccion-adversa-a-la-vacuna-contra-aftosa\\\/\"},\"wordCount\":1331,\"publisher\":{\"@id\":\"https:\\\/\\\/www.vecol.com.co\\\/#organization\"},\"image\":{\"@id\":\"https:\\\/\\\/www.vecol.com.co\\\/2020\\\/07\\\/14\\\/que-hace-vecol-cuando-hay-una-reaccion-adversa-a-la-vacuna-contra-aftosa\\\/#primaryimage\"},\"thumbnailUrl\":\"https:\\\/\\\/www.vecol.com.co\\\/wp-content\\\/uploads\\\/2020\\\/07\\\/Dise\u00f1o-sin-t\u00edtulo-2020-07-14T121539.417.png\",\"articleSection\":[\"Noticias\"],\"inLanguage\":\"en-US\"},{\"@type\":\"WebPage\",\"@id\":\"https:\\\/\\\/www.vecol.com.co\\\/2020\\\/07\\\/14\\\/que-hace-vecol-cuando-hay-una-reaccion-adversa-a-la-vacuna-contra-aftosa\\\/\",\"url\":\"https:\\\/\\\/www.vecol.com.co\\\/2020\\\/07\\\/14\\\/que-hace-vecol-cuando-hay-una-reaccion-adversa-a-la-vacuna-contra-aftosa\\\/\",\"name\":\"Qu\u00e9 ocurre ante la reacci\u00f3n adversa a la vacuna aftosa | VECOL\",\"isPartOf\":{\"@id\":\"https:\\\/\\\/www.vecol.com.co\\\/#website\"},\"primaryImageOfPage\":{\"@id\":\"https:\\\/\\\/www.vecol.com.co\\\/2020\\\/07\\\/14\\\/que-hace-vecol-cuando-hay-una-reaccion-adversa-a-la-vacuna-contra-aftosa\\\/#primaryimage\"},\"image\":{\"@id\":\"https:\\\/\\\/www.vecol.com.co\\\/2020\\\/07\\\/14\\\/que-hace-vecol-cuando-hay-una-reaccion-adversa-a-la-vacuna-contra-aftosa\\\/#primaryimage\"},\"thumbnailUrl\":\"https:\\\/\\\/www.vecol.com.co\\\/wp-content\\\/uploads\\\/2020\\\/07\\\/Dise\u00f1o-sin-t\u00edtulo-2020-07-14T121539.417.png\",\"datePublished\":\"2020-07-14T22:01:01+00:00\",\"dateModified\":\"2024-12-05T21:48:28+00:00\",\"breadcrumb\":{\"@id\":\"https:\\\/\\\/www.vecol.com.co\\\/2020\\\/07\\\/14\\\/que-hace-vecol-cuando-hay-una-reaccion-adversa-a-la-vacuna-contra-aftosa\\\/#breadcrumb\"},\"inLanguage\":\"en-US\",\"potentialAction\":[{\"@type\":\"ReadAction\",\"target\":[\"https:\\\/\\\/www.vecol.com.co\\\/2020\\\/07\\\/14\\\/que-hace-vecol-cuando-hay-una-reaccion-adversa-a-la-vacuna-contra-aftosa\\\/\"]}]},{\"@type\":\"ImageObject\",\"inLanguage\":\"en-US\",\"@id\":\"https:\\\/\\\/www.vecol.com.co\\\/2020\\\/07\\\/14\\\/que-hace-vecol-cuando-hay-una-reaccion-adversa-a-la-vacuna-contra-aftosa\\\/#primaryimage\",\"url\":\"https:\\\/\\\/www.vecol.com.co\\\/wp-content\\\/uploads\\\/2020\\\/07\\\/Dise\u00f1o-sin-t\u00edtulo-2020-07-14T121539.417.png\",\"contentUrl\":\"https:\\\/\\\/www.vecol.com.co\\\/wp-content\\\/uploads\\\/2020\\\/07\\\/Dise\u00f1o-sin-t\u00edtulo-2020-07-14T121539.417.png\",\"width\":700,\"height\":400,\"caption\":\"Dise\u00f1o sin t\u00edtulo 2020 07 14T121539.417\"},{\"@type\":\"BreadcrumbList\",\"@id\":\"https:\\\/\\\/www.vecol.com.co\\\/2020\\\/07\\\/14\\\/que-hace-vecol-cuando-hay-una-reaccion-adversa-a-la-vacuna-contra-aftosa\\\/#breadcrumb\",\"itemListElement\":[{\"@type\":\"ListItem\",\"position\":1,\"name\":\"Inicio\",\"item\":\"https:\\\/\\\/www.vecol.com.co\\\/\"},{\"@type\":\"ListItem\",\"position\":2,\"name\":\"Noticias\",\"item\":\"https:\\\/\\\/www.vecol.com.co\\\/category\\\/noticias\\\/\"},{\"@type\":\"ListItem\",\"position\":3,\"name\":\"\u00bfQu\u00e9 hace Vecol cuando hay una reacci\u00f3n adversa a la vacuna contra aftosa?\"}]},{\"@type\":\"WebSite\",\"@id\":\"https:\\\/\\\/www.vecol.com.co\\\/#website\",\"url\":\"https:\\\/\\\/www.vecol.com.co\\\/\",\"name\":\"VECOL\",\"description\":\"Empresa Colombiana de Productos Veterinarios\",\"publisher\":{\"@id\":\"https:\\\/\\\/www.vecol.com.co\\\/#organization\"},\"potentialAction\":[{\"@type\":\"SearchAction\",\"target\":{\"@type\":\"EntryPoint\",\"urlTemplate\":\"https:\\\/\\\/www.vecol.com.co\\\/?s={search_term_string}\"},\"query-input\":{\"@type\":\"PropertyValueSpecification\",\"valueRequired\":true,\"valueName\":\"search_term_string\"}}],\"inLanguage\":\"en-US\"},{\"@type\":\"Organization\",\"@id\":\"https:\\\/\\\/www.vecol.com.co\\\/#organization\",\"name\":\"Empresa Colombiana de Productos Veterinarios\",\"url\":\"https:\\\/\\\/www.vecol.com.co\\\/\",\"logo\":{\"@type\":\"ImageObject\",\"inLanguage\":\"en-US\",\"@id\":\"https:\\\/\\\/www.vecol.com.co\\\/#\\\/schema\\\/logo\\\/image\\\/\",\"url\":\"https:\\\/\\\/www.vecol.com.co\\\/wp-content\\\/uploads\\\/2023\\\/07\\\/logoVecol.png\",\"contentUrl\":\"https:\\\/\\\/www.vecol.com.co\\\/wp-content\\\/uploads\\\/2023\\\/07\\\/logoVecol.png\",\"width\":106,\"height\":106,\"caption\":\"Empresa Colombiana de Productos Veterinarios\"},\"image\":{\"@id\":\"https:\\\/\\\/www.vecol.com.co\\\/#\\\/schema\\\/logo\\\/image\\\/\"},\"sameAs\":[\"https:\\\/\\\/www.facebook.com\\\/vecolveterinaria\",\"https:\\\/\\\/x.com\\\/VecolColombia\"]},{\"@type\":\"Person\",\"@id\":\"https:\\\/\\\/www.vecol.com.co\\\/#\\\/schema\\\/person\\\/4b00c482841ba42129831763533a3c7b\",\"name\":\"adminvecol\",\"url\":\"https:\\\/\\\/www.vecol.com.co\\\/en\\\/author\\\/adminvecol\\\/\"}]}<\/script>\n<!-- \/ Yoast SEO plugin. -->","yoast_head_json":{"title":"What does Vecol do in case of adverse reactions to foot-and-mouth disease vaccine?","robots":{"index":"index","follow":"follow","max-snippet":"max-snippet:-1","max-image-preview":"max-image-preview:large","max-video-preview":"max-video-preview:-1"},"canonical":"https:\/\/www.vecol.com.co\/en\/2020\/07\/14\/que-hace-vecol-cuando-hay-una-reaccion-adversa-a-la-vacuna-contra-aftosa\/","og_locale":"en_US","og_type":"article","og_title":"Qu\u00e9 ocurre ante la reacci\u00f3n adversa a la vacuna aftosa | VECOL","og_description":"A prop\u00f3sito del primer ciclo de vacunaci\u00f3n contra fiebre aftosa de 2020 que inici\u00f3 el pasado 18 de mayo, CONtexto ganadero entrevist\u00f3 al presidente de la Empresa Colombiana de Productos Veterinarios (Vecol) sobre el papel del laboratorio, especialmente con la coyuntura de la COVID-19.&nbsp; En estos momentos, el sector agropecuario asumi\u00f3 el enorme reto de [&hellip;]","og_url":"https:\/\/www.vecol.com.co\/en\/2020\/07\/14\/que-hace-vecol-cuando-hay-una-reaccion-adversa-a-la-vacuna-contra-aftosa\/","og_site_name":"VECOL","article_publisher":"https:\/\/www.facebook.com\/vecolveterinaria","article_published_time":"2020-07-14T22:01:01+00:00","article_modified_time":"2024-12-05T21:48:28+00:00","og_image":[{"width":700,"height":400,"url":"https:\/\/www.vecol.com.co\/wp-content\/uploads\/2020\/07\/Dise\u00f1o-sin-t\u00edtulo-2020-07-14T121539.417.png","type":"image\/png"}],"author":"adminvecol","twitter_card":"summary_large_image","twitter_creator":"@VecolColombia","twitter_site":"@VecolColombia","twitter_misc":{"Written by":"adminvecol","Est. reading time":"7 minutes"},"schema":{"@context":"https:\/\/schema.org","@graph":[{"@type":"Article","@id":"https:\/\/www.vecol.com.co\/2020\/07\/14\/que-hace-vecol-cuando-hay-una-reaccion-adversa-a-la-vacuna-contra-aftosa\/#article","isPartOf":{"@id":"https:\/\/www.vecol.com.co\/2020\/07\/14\/que-hace-vecol-cuando-hay-una-reaccion-adversa-a-la-vacuna-contra-aftosa\/"},"author":{"name":"adminvecol","@id":"https:\/\/www.vecol.com.co\/#\/schema\/person\/4b00c482841ba42129831763533a3c7b"},"headline":"\u00bfQu\u00e9 hace Vecol cuando hay una reacci\u00f3n adversa a la vacuna contra aftosa?","datePublished":"2020-07-14T22:01:01+00:00","dateModified":"2024-12-05T21:48:28+00:00","mainEntityOfPage":{"@id":"https:\/\/www.vecol.com.co\/2020\/07\/14\/que-hace-vecol-cuando-hay-una-reaccion-adversa-a-la-vacuna-contra-aftosa\/"},"wordCount":1331,"publisher":{"@id":"https:\/\/www.vecol.com.co\/#organization"},"image":{"@id":"https:\/\/www.vecol.com.co\/2020\/07\/14\/que-hace-vecol-cuando-hay-una-reaccion-adversa-a-la-vacuna-contra-aftosa\/#primaryimage"},"thumbnailUrl":"https:\/\/www.vecol.com.co\/wp-content\/uploads\/2020\/07\/Dise\u00f1o-sin-t\u00edtulo-2020-07-14T121539.417.png","articleSection":["Noticias"],"inLanguage":"en-US"},{"@type":"WebPage","@id":"https:\/\/www.vecol.com.co\/2020\/07\/14\/que-hace-vecol-cuando-hay-una-reaccion-adversa-a-la-vacuna-contra-aftosa\/","url":"https:\/\/www.vecol.com.co\/2020\/07\/14\/que-hace-vecol-cuando-hay-una-reaccion-adversa-a-la-vacuna-contra-aftosa\/","name":"What does Vecol do in case of adverse reactions to foot-and-mouth disease vaccine?","isPartOf":{"@id":"https:\/\/www.vecol.com.co\/#website"},"primaryImageOfPage":{"@id":"https:\/\/www.vecol.com.co\/2020\/07\/14\/que-hace-vecol-cuando-hay-una-reaccion-adversa-a-la-vacuna-contra-aftosa\/#primaryimage"},"image":{"@id":"https:\/\/www.vecol.com.co\/2020\/07\/14\/que-hace-vecol-cuando-hay-una-reaccion-adversa-a-la-vacuna-contra-aftosa\/#primaryimage"},"thumbnailUrl":"https:\/\/www.vecol.com.co\/wp-content\/uploads\/2020\/07\/Dise\u00f1o-sin-t\u00edtulo-2020-07-14T121539.417.png","datePublished":"2020-07-14T22:01:01+00:00","dateModified":"2024-12-05T21:48:28+00:00","breadcrumb":{"@id":"https:\/\/www.vecol.com.co\/2020\/07\/14\/que-hace-vecol-cuando-hay-una-reaccion-adversa-a-la-vacuna-contra-aftosa\/#breadcrumb"},"inLanguage":"en-US","potentialAction":[{"@type":"ReadAction","target":["https:\/\/www.vecol.com.co\/2020\/07\/14\/que-hace-vecol-cuando-hay-una-reaccion-adversa-a-la-vacuna-contra-aftosa\/"]}]},{"@type":"ImageObject","inLanguage":"en-US","@id":"https:\/\/www.vecol.com.co\/2020\/07\/14\/que-hace-vecol-cuando-hay-una-reaccion-adversa-a-la-vacuna-contra-aftosa\/#primaryimage","url":"https:\/\/www.vecol.com.co\/wp-content\/uploads\/2020\/07\/Dise\u00f1o-sin-t\u00edtulo-2020-07-14T121539.417.png","contentUrl":"https:\/\/www.vecol.com.co\/wp-content\/uploads\/2020\/07\/Dise\u00f1o-sin-t\u00edtulo-2020-07-14T121539.417.png","width":700,"height":400,"caption":"Dise\u00f1o sin t\u00edtulo 2020 07 14T121539.417"},{"@type":"BreadcrumbList","@id":"https:\/\/www.vecol.com.co\/2020\/07\/14\/que-hace-vecol-cuando-hay-una-reaccion-adversa-a-la-vacuna-contra-aftosa\/#breadcrumb","itemListElement":[{"@type":"ListItem","position":1,"name":"Inicio","item":"https:\/\/www.vecol.com.co\/"},{"@type":"ListItem","position":2,"name":"Noticias","item":"https:\/\/www.vecol.com.co\/category\/noticias\/"},{"@type":"ListItem","position":3,"name":"\u00bfQu\u00e9 hace Vecol cuando hay una reacci\u00f3n adversa a la vacuna contra aftosa?"}]},{"@type":"WebSite","@id":"https:\/\/www.vecol.com.co\/#website","url":"https:\/\/www.vecol.com.co\/","name":"VECOL","description":"Colombian Veterinary Products Company","publisher":{"@id":"https:\/\/www.vecol.com.co\/#organization"},"potentialAction":[{"@type":"SearchAction","target":{"@type":"EntryPoint","urlTemplate":"https:\/\/www.vecol.com.co\/?s={search_term_string}"},"query-input":{"@type":"PropertyValueSpecification","valueRequired":true,"valueName":"search_term_string"}}],"inLanguage":"en-US"},{"@type":"Organization","@id":"https:\/\/www.vecol.com.co\/#organization","name":"Colombian Veterinary Products Company","url":"https:\/\/www.vecol.com.co\/","logo":{"@type":"ImageObject","inLanguage":"en-US","@id":"https:\/\/www.vecol.com.co\/#\/schema\/logo\/image\/","url":"https:\/\/www.vecol.com.co\/wp-content\/uploads\/2023\/07\/logoVecol.png","contentUrl":"https:\/\/www.vecol.com.co\/wp-content\/uploads\/2023\/07\/logoVecol.png","width":106,"height":106,"caption":"Empresa Colombiana de Productos Veterinarios"},"image":{"@id":"https:\/\/www.vecol.com.co\/#\/schema\/logo\/image\/"},"sameAs":["https:\/\/www.facebook.com\/vecolveterinaria","https:\/\/x.com\/VecolColombia"]},{"@type":"Person","@id":"https:\/\/www.vecol.com.co\/#\/schema\/person\/4b00c482841ba42129831763533a3c7b","name":"adminvecol","url":"https:\/\/www.vecol.com.co\/en\/author\/adminvecol\/"}]}},"_links":{"self":[{"href":"https:\/\/www.vecol.com.co\/en\/wp-json\/wp\/v2\/posts\/2426","targetHints":{"allow":["GET"]}}],"collection":[{"href":"https:\/\/www.vecol.com.co\/en\/wp-json\/wp\/v2\/posts"}],"about":[{"href":"https:\/\/www.vecol.com.co\/en\/wp-json\/wp\/v2\/types\/post"}],"author":[{"embeddable":true,"href":"https:\/\/www.vecol.com.co\/en\/wp-json\/wp\/v2\/users\/1"}],"replies":[{"embeddable":true,"href":"https:\/\/www.vecol.com.co\/en\/wp-json\/wp\/v2\/comments?post=2426"}],"version-history":[{"count":3,"href":"https:\/\/www.vecol.com.co\/en\/wp-json\/wp\/v2\/posts\/2426\/revisions"}],"predecessor-version":[{"id":11661,"href":"https:\/\/www.vecol.com.co\/en\/wp-json\/wp\/v2\/posts\/2426\/revisions\/11661"}],"wp:featuredmedia":[{"embeddable":true,"href":"https:\/\/www.vecol.com.co\/en\/wp-json\/wp\/v2\/media\/2437"}],"wp:attachment":[{"href":"https:\/\/www.vecol.com.co\/en\/wp-json\/wp\/v2\/media?parent=2426"}],"wp:term":[{"taxonomy":"category","embeddable":true,"href":"https:\/\/www.vecol.com.co\/en\/wp-json\/wp\/v2\/categories?post=2426"},{"taxonomy":"post_tag","embeddable":true,"href":"https:\/\/www.vecol.com.co\/en\/wp-json\/wp\/v2\/tags?post=2426"}],"curies":[{"name":"wp","href":"https:\/\/api.w.org\/{rel}","templated":true}]}}