{"id":1806,"date":"2020-06-25T16:55:43","date_gmt":"2020-06-25T16:55:43","guid":{"rendered":"https:\/\/www.vecol.com.co\/?p=1806"},"modified":"2020-12-15T07:44:45","modified_gmt":"2020-12-15T12:44:45","slug":"proyecto-piloto-como-respuesta-a-la-masiva-deforestacion-del-pais","status":"publish","type":"post","link":"https:\/\/www.vecol.com.co\/en\/2020\/06\/25\/proyecto-piloto-como-respuesta-a-la-masiva-deforestacion-del-pais\/","title":{"rendered":"Proyecto piloto como respuesta a la masiva deforestaci\u00f3n del pa\u00eds"},"content":{"rendered":"<p><strong>Ante la masiva deforestaci\u00f3n de la selva Colombiana, VECOL S.A. entrega al pa\u00eds un modelo piloto e innovador pionero en el enfoque silvopastoril y de ganader\u00eda ecol\u00f3gica en Choc\u00f3,&nbsp;a partir del uso de productos no maderables del bosque, forrajes y follajes de la regi\u00f3n.<\/strong><\/p>\n\n\n\n<p><strong>Los proyectos piloto de VECOL S.A. pretenden articular y concertar en el modelo, el apoyo a los ganaderos colombianos que brindan todas las entidades gubernamentales y privadas, optimizando el uso de los recursos logrando as\u00ed una transformaci\u00f3n efectiva de la ganader\u00eda colombiana.<\/strong><\/p>\n\n\n\n<p>Este proyecto se lleva a cabo en Bah\u00eda Solano, una de las pocas regiones del pa\u00eds libres de Fiebre Aftosa, sin vacunaci\u00f3n, done el concepto no ha sido el de atender las fincas sino la poblaci\u00f3n bovina existente, advierte Hugo Armando Graciano G\u00f3mez, presidente de VECOL S.A.<\/p>\n\n\n\n<p>Aunque hace parte de los proyectos piloto de excelencia sanitaria en ganader\u00eda bovina, porcina, ovino \u2013 caprina, equina y bufalina que se adelantan en diferentes regiones del pa\u00eds, este es muy especial, dice Graciano G\u00f3mez, al se\u00f1alar que tiene condiciones especiales que lo hacen \u00fanico pero al mismo tiempo replicables en otras regiones del pa\u00eds que est\u00e1n siendo afectadas por la tala masiva de bosques.<\/p>\n\n\n\n<p><strong>Modelos agroforestales<\/strong><\/p>\n\n\n\n<p>El presidente de VECOL S.A. explica que desde finales del 2017 la Empresa Colombiana de Productos Veterinarios, junto con la Universidad Cat\u00f3lica de Oriente, UCO, vienen desarrollando un proyecto piloto para el establecimiento de modelos agroforestales en diferentes corregimientos y veredas del municipio de Bah\u00eda Solano, Choc\u00f3, donde existe una poblaci\u00f3n superior a los 3.500 bovinos.<\/p>\n\n\n\n<p>La selecci\u00f3n del municipio de Bah\u00eda Solano no es fortuita, dice Graciano G\u00f3mez, esta regi\u00f3n del departamento del Choc\u00f3 es considerado en Colombia como libre de aftosa sin vacunaci\u00f3n lo que representa muchos retos con el fin de mantener ese estatus sanitario, sin embargo, en cuanto a conservaci\u00f3n forestal presenta serias amenazas.<\/p>\n\n\n\n<p>Datos entregados por el gobierno nacional indican que en 2016 la regi\u00f3n Pac\u00edfica present\u00f3 la m\u00e1s alta tasa de deforestaci\u00f3n del pa\u00eds, debido a la extracci\u00f3n de maderas de gran valor pero tambi\u00e9n como consecuencia de la expansi\u00f3n de la frontera agr\u00edcola.<\/p>\n\n\n\n<p><strong>Palmas con potencial alimenticio<\/strong><\/p>\n\n\n\n<p>En desarrollo del proyecto se encontraron especies forestales de alto valor comercial que deben ser tenidas en cuenta en los programas de reforestaci\u00f3n; especies como huina (<em>Carapa guianensis<\/em>) Aubl., Choib\u00e1 (<em>Dypterix ole\u00edfera<\/em>) Benth., dormil\u00f3n (<em>Pentaclethra macroloba<\/em>) Kuntze; entre otros.<\/p>\n\n\n\n<p>Dentro de los objetivos planteados para la ejecuci\u00f3n en campo cabe destacar la identificaci\u00f3n de especies aptas para ser utilizadas en la alimentaci\u00f3n animal, no solamente de bovinos sino tambi\u00e9n de otros animales de abasto como cerdos y aves.<\/p>\n\n\n\n<p>En esta b\u00fasqueda aparecen especies como el quiebrabarrigo (<em>Trichantera gigantea<\/em>) y el matarrat\u00f3n (<em>Gliricidia sepium<\/em>) que hacen parte del inventario forrajero reconocido en el pa\u00eds y cuentan con m\u00faltiples estudios que avalan sus caracter\u00edsticas nutricionales y productivas.<\/p>\n\n\n\n<p>Sin embargo existen una gran cantidad de especies promisorias que ya est\u00e1n en los bosques primarios y que se pueden convertir en una fuente de ingresos del bosque sin necesidad de impactar negativamente sobre los ecosistemas. Se han encontrado especies de palmas chocoanas con potencial para la alimentaci\u00f3n animal.<\/p>\n\n\n\n<p>Hugo Graciano G\u00f3mez dice que los resultados parciales del proyecto se entregar\u00e1n este mes especialmente los relacionados con la identificaci\u00f3n y seguimiento productivo (pesaje y seguimiento reproductivo) de los semovientes existentes en los predios demostrativos, establecimiento de bancos forrajeros y conservaci\u00f3n de forrajes, establecimiento de cercas vivas con arbustos y \u00e1rboles maderables, siembra y manejo de especies maderables de inter\u00e9s con el fin de disminuir la presi\u00f3n forestal sobre bosques primarios, aumento de la diversidad en las praderas, registros productivos de los potreros, entre otros aspectos.<\/p>\n\n\n\n<p>Otro aspecto que vale la pena se\u00f1alar, dice el presidente de VECOL S.A. es el relacionado con el mejoramiento gen\u00e9tico que la empresa ha comenzado a desarrollar en esta regi\u00f3n del pa\u00eds buscando que las ganader\u00edas existentes en la regi\u00f3n puedan ser m\u00e1s productivas en t\u00e9rminos de carne y leche, aspecto fundamental para la econom\u00eda de la regi\u00f3n.&nbsp;<\/p>","protected":false},"excerpt":{"rendered":"<p>Ante la masiva deforestaci\u00f3n de la selva Colombiana, VECOL S.A. entrega al pa\u00eds un modelo piloto e innovador pionero en el enfoque silvopastoril y de ganader\u00eda ecol\u00f3gica en Choc\u00f3,&nbsp;a partir del uso de productos no maderables del bosque, forrajes y follajes de la regi\u00f3n. Los proyectos piloto de VECOL S.A. pretenden articular y concertar en [&hellip;]<\/p>\n","protected":false},"author":1,"featured_media":1807,"comment_status":"closed","ping_status":"closed","sticky":false,"template":"","format":"standard","meta":{"_acf_changed":false,"site-sidebar-layout":"default","site-content-layout":"default","ast-site-content-layout":"default","site-content-style":"default","site-sidebar-style":"default","ast-global-header-display":"","ast-banner-title-visibility":"","ast-main-header-display":"","ast-hfb-above-header-display":"","ast-hfb-below-header-display":"","ast-hfb-mobile-header-display":"","site-post-title":"","ast-breadcrumbs-content":"","ast-featured-img":"","footer-sml-layout":"","ast-disable-related-posts":"","theme-transparent-header-meta":"default","adv-header-id-meta":"","stick-header-meta":"","header-above-stick-meta":"","header-main-stick-meta":"","header-below-stick-meta":"","astra-migrate-meta-layouts":"default","ast-page-background-enabled":"default","ast-page-background-meta":{"desktop":{"background-color":"","background-image":"","background-repeat":"repeat","background-position":"center center","background-size":"auto","background-attachment":"scroll","background-type":"","background-media":"","overlay-type":"","overlay-color":"","overlay-opacity":"","overlay-gradient":""},"tablet":{"background-color":"","background-image":"","background-repeat":"repeat","background-position":"center center","background-size":"auto","background-attachment":"scroll","background-type":"","background-media":"","overlay-type":"","overlay-color":"","overlay-opacity":"","overlay-gradient":""},"mobile":{"background-color":"","background-image":"","background-repeat":"repeat","background-position":"center center","background-size":"auto","background-attachment":"scroll","background-type":"","background-media":"","overlay-type":"","overlay-color":"","overlay-opacity":"","overlay-gradient":""}},"ast-content-background-meta":{"desktop":{"background-color":"var(--ast-global-color-5)","background-image":"","background-repeat":"repeat","background-position":"center center","background-size":"auto","background-attachment":"scroll","background-type":"","background-media":"","overlay-type":"","overlay-color":"","overlay-opacity":"","overlay-gradient":""},"tablet":{"background-color":"var(--ast-global-color-5)","background-image":"","background-repeat":"repeat","background-position":"center center","background-size":"auto","background-attachment":"scroll","background-type":"","background-media":"","overlay-type":"","overlay-color":"","overlay-opacity":"","overlay-gradient":""},"mobile":{"background-color":"var(--ast-global-color-5)","background-image":"","background-repeat":"repeat","background-position":"center center","background-size":"auto","background-attachment":"scroll","background-type":"","background-media":"","overlay-type":"","overlay-color":"","overlay-opacity":"","overlay-gradient":""}},"footnotes":""},"categories":[37],"tags":[],"class_list":["post-1806","post","type-post","status-publish","format-standard","has-post-thumbnail","hentry","category-noticias"],"acf":[],"yoast_head":"<!-- This site is optimized with the Yoast SEO plugin v27.5 - https:\/\/yoast.com\/product\/yoast-seo-wordpress\/ -->\n<title>Proyecto piloto como respuesta a la masiva deforestaci\u00f3n del pa\u00eds - VECOL<\/title>\n<meta name=\"robots\" content=\"index, follow, max-snippet:-1, max-image-preview:large, max-video-preview:-1\" \/>\n<link rel=\"canonical\" href=\"https:\/\/www.vecol.com.co\/en\/2020\/06\/25\/proyecto-piloto-como-respuesta-a-la-masiva-deforestacion-del-pais\/\" \/>\n<meta property=\"og:locale\" content=\"en_US\" \/>\n<meta property=\"og:type\" content=\"article\" \/>\n<meta property=\"og:title\" content=\"Proyecto piloto como respuesta a la masiva deforestaci\u00f3n del pa\u00eds - VECOL\" \/>\n<meta property=\"og:description\" content=\"Ante la masiva deforestaci\u00f3n de la selva Colombiana, VECOL S.A. entrega al pa\u00eds un modelo piloto e innovador pionero en el enfoque silvopastoril y de ganader\u00eda ecol\u00f3gica en Choc\u00f3,&nbsp;a partir del uso de productos no maderables del bosque, forrajes y follajes de la regi\u00f3n. Los proyectos piloto de VECOL S.A. pretenden articular y concertar en [&hellip;]\" \/>\n<meta property=\"og:url\" content=\"https:\/\/www.vecol.com.co\/en\/2020\/06\/25\/proyecto-piloto-como-respuesta-a-la-masiva-deforestacion-del-pais\/\" \/>\n<meta property=\"og:site_name\" content=\"VECOL\" \/>\n<meta property=\"article:publisher\" content=\"https:\/\/www.facebook.com\/vecolveterinaria\" \/>\n<meta property=\"article:published_time\" content=\"2020-06-25T16:55:43+00:00\" \/>\n<meta property=\"article:modified_time\" content=\"2020-12-15T12:44:45+00:00\" \/>\n<meta property=\"og:image\" content=\"https:\/\/www.vecol.com.co\/wp-content\/uploads\/2020\/06\/Dise\u00f1o-sin-t\u00edtulo-2020-06-25T115516.747.png\" \/>\n\t<meta property=\"og:image:width\" content=\"700\" \/>\n\t<meta property=\"og:image:height\" content=\"400\" \/>\n\t<meta property=\"og:image:type\" content=\"image\/png\" \/>\n<meta name=\"author\" content=\"adminvecol\" \/>\n<meta name=\"twitter:card\" content=\"summary_large_image\" \/>\n<meta name=\"twitter:creator\" content=\"@VecolColombia\" \/>\n<meta name=\"twitter:site\" content=\"@VecolColombia\" \/>\n<meta name=\"twitter:label1\" content=\"Written by\" \/>\n\t<meta name=\"twitter:data1\" content=\"adminvecol\" \/>\n\t<meta name=\"twitter:label2\" content=\"Est. reading time\" \/>\n\t<meta name=\"twitter:data2\" content=\"4 minutes\" \/>\n<script type=\"application\/ld+json\" class=\"yoast-schema-graph\">{\"@context\":\"https:\\\/\\\/schema.org\",\"@graph\":[{\"@type\":\"Article\",\"@id\":\"https:\\\/\\\/www.vecol.com.co\\\/2020\\\/06\\\/25\\\/proyecto-piloto-como-respuesta-a-la-masiva-deforestacion-del-pais\\\/#article\",\"isPartOf\":{\"@id\":\"https:\\\/\\\/www.vecol.com.co\\\/2020\\\/06\\\/25\\\/proyecto-piloto-como-respuesta-a-la-masiva-deforestacion-del-pais\\\/\"},\"author\":{\"name\":\"adminvecol\",\"@id\":\"https:\\\/\\\/www.vecol.com.co\\\/#\\\/schema\\\/person\\\/4b00c482841ba42129831763533a3c7b\"},\"headline\":\"Proyecto piloto como respuesta a la masiva deforestaci\u00f3n del pa\u00eds\",\"datePublished\":\"2020-06-25T16:55:43+00:00\",\"dateModified\":\"2020-12-15T12:44:45+00:00\",\"mainEntityOfPage\":{\"@id\":\"https:\\\/\\\/www.vecol.com.co\\\/2020\\\/06\\\/25\\\/proyecto-piloto-como-respuesta-a-la-masiva-deforestacion-del-pais\\\/\"},\"wordCount\":744,\"publisher\":{\"@id\":\"https:\\\/\\\/www.vecol.com.co\\\/#organization\"},\"image\":{\"@id\":\"https:\\\/\\\/www.vecol.com.co\\\/2020\\\/06\\\/25\\\/proyecto-piloto-como-respuesta-a-la-masiva-deforestacion-del-pais\\\/#primaryimage\"},\"thumbnailUrl\":\"https:\\\/\\\/www.vecol.com.co\\\/wp-content\\\/uploads\\\/2020\\\/06\\\/Dise\u00f1o-sin-t\u00edtulo-2020-06-25T115516.747.png\",\"articleSection\":[\"Noticias\"],\"inLanguage\":\"en-US\"},{\"@type\":\"WebPage\",\"@id\":\"https:\\\/\\\/www.vecol.com.co\\\/2020\\\/06\\\/25\\\/proyecto-piloto-como-respuesta-a-la-masiva-deforestacion-del-pais\\\/\",\"url\":\"https:\\\/\\\/www.vecol.com.co\\\/2020\\\/06\\\/25\\\/proyecto-piloto-como-respuesta-a-la-masiva-deforestacion-del-pais\\\/\",\"name\":\"Proyecto piloto como respuesta a la masiva deforestaci\u00f3n del pa\u00eds - VECOL\",\"isPartOf\":{\"@id\":\"https:\\\/\\\/www.vecol.com.co\\\/#website\"},\"primaryImageOfPage\":{\"@id\":\"https:\\\/\\\/www.vecol.com.co\\\/2020\\\/06\\\/25\\\/proyecto-piloto-como-respuesta-a-la-masiva-deforestacion-del-pais\\\/#primaryimage\"},\"image\":{\"@id\":\"https:\\\/\\\/www.vecol.com.co\\\/2020\\\/06\\\/25\\\/proyecto-piloto-como-respuesta-a-la-masiva-deforestacion-del-pais\\\/#primaryimage\"},\"thumbnailUrl\":\"https:\\\/\\\/www.vecol.com.co\\\/wp-content\\\/uploads\\\/2020\\\/06\\\/Dise\u00f1o-sin-t\u00edtulo-2020-06-25T115516.747.png\",\"datePublished\":\"2020-06-25T16:55:43+00:00\",\"dateModified\":\"2020-12-15T12:44:45+00:00\",\"breadcrumb\":{\"@id\":\"https:\\\/\\\/www.vecol.com.co\\\/2020\\\/06\\\/25\\\/proyecto-piloto-como-respuesta-a-la-masiva-deforestacion-del-pais\\\/#breadcrumb\"},\"inLanguage\":\"en-US\",\"potentialAction\":[{\"@type\":\"ReadAction\",\"target\":[\"https:\\\/\\\/www.vecol.com.co\\\/2020\\\/06\\\/25\\\/proyecto-piloto-como-respuesta-a-la-masiva-deforestacion-del-pais\\\/\"]}]},{\"@type\":\"ImageObject\",\"inLanguage\":\"en-US\",\"@id\":\"https:\\\/\\\/www.vecol.com.co\\\/2020\\\/06\\\/25\\\/proyecto-piloto-como-respuesta-a-la-masiva-deforestacion-del-pais\\\/#primaryimage\",\"url\":\"https:\\\/\\\/www.vecol.com.co\\\/wp-content\\\/uploads\\\/2020\\\/06\\\/Dise\u00f1o-sin-t\u00edtulo-2020-06-25T115516.747.png\",\"contentUrl\":\"https:\\\/\\\/www.vecol.com.co\\\/wp-content\\\/uploads\\\/2020\\\/06\\\/Dise\u00f1o-sin-t\u00edtulo-2020-06-25T115516.747.png\",\"width\":700,\"height\":400,\"caption\":\"Dise\u00f1o sin t\u00edtulo 2020 06 25T115516.747\"},{\"@type\":\"BreadcrumbList\",\"@id\":\"https:\\\/\\\/www.vecol.com.co\\\/2020\\\/06\\\/25\\\/proyecto-piloto-como-respuesta-a-la-masiva-deforestacion-del-pais\\\/#breadcrumb\",\"itemListElement\":[{\"@type\":\"ListItem\",\"position\":1,\"name\":\"Inicio\",\"item\":\"https:\\\/\\\/www.vecol.com.co\\\/\"},{\"@type\":\"ListItem\",\"position\":2,\"name\":\"Noticias\",\"item\":\"https:\\\/\\\/www.vecol.com.co\\\/category\\\/noticias\\\/\"},{\"@type\":\"ListItem\",\"position\":3,\"name\":\"Proyecto piloto como respuesta a la masiva deforestaci\u00f3n del pa\u00eds\"}]},{\"@type\":\"WebSite\",\"@id\":\"https:\\\/\\\/www.vecol.com.co\\\/#website\",\"url\":\"https:\\\/\\\/www.vecol.com.co\\\/\",\"name\":\"VECOL\",\"description\":\"Empresa Colombiana de Productos Veterinarios\",\"publisher\":{\"@id\":\"https:\\\/\\\/www.vecol.com.co\\\/#organization\"},\"potentialAction\":[{\"@type\":\"SearchAction\",\"target\":{\"@type\":\"EntryPoint\",\"urlTemplate\":\"https:\\\/\\\/www.vecol.com.co\\\/?s={search_term_string}\"},\"query-input\":{\"@type\":\"PropertyValueSpecification\",\"valueRequired\":true,\"valueName\":\"search_term_string\"}}],\"inLanguage\":\"en-US\"},{\"@type\":\"Organization\",\"@id\":\"https:\\\/\\\/www.vecol.com.co\\\/#organization\",\"name\":\"Empresa Colombiana de Productos Veterinarios\",\"url\":\"https:\\\/\\\/www.vecol.com.co\\\/\",\"logo\":{\"@type\":\"ImageObject\",\"inLanguage\":\"en-US\",\"@id\":\"https:\\\/\\\/www.vecol.com.co\\\/#\\\/schema\\\/logo\\\/image\\\/\",\"url\":\"https:\\\/\\\/www.vecol.com.co\\\/wp-content\\\/uploads\\\/2023\\\/07\\\/logoVecol.png\",\"contentUrl\":\"https:\\\/\\\/www.vecol.com.co\\\/wp-content\\\/uploads\\\/2023\\\/07\\\/logoVecol.png\",\"width\":106,\"height\":106,\"caption\":\"Empresa Colombiana de Productos Veterinarios\"},\"image\":{\"@id\":\"https:\\\/\\\/www.vecol.com.co\\\/#\\\/schema\\\/logo\\\/image\\\/\"},\"sameAs\":[\"https:\\\/\\\/www.facebook.com\\\/vecolveterinaria\",\"https:\\\/\\\/x.com\\\/VecolColombia\"]},{\"@type\":\"Person\",\"@id\":\"https:\\\/\\\/www.vecol.com.co\\\/#\\\/schema\\\/person\\\/4b00c482841ba42129831763533a3c7b\",\"name\":\"adminvecol\",\"url\":\"https:\\\/\\\/www.vecol.com.co\\\/en\\\/author\\\/adminvecol\\\/\"}]}<\/script>\n<!-- \/ Yoast SEO plugin. -->","yoast_head_json":{"title":"Proyecto piloto como respuesta a la masiva deforestaci\u00f3n del pa\u00eds - VECOL","robots":{"index":"index","follow":"follow","max-snippet":"max-snippet:-1","max-image-preview":"max-image-preview:large","max-video-preview":"max-video-preview:-1"},"canonical":"https:\/\/www.vecol.com.co\/en\/2020\/06\/25\/proyecto-piloto-como-respuesta-a-la-masiva-deforestacion-del-pais\/","og_locale":"en_US","og_type":"article","og_title":"Proyecto piloto como respuesta a la masiva deforestaci\u00f3n del pa\u00eds - VECOL","og_description":"Ante la masiva deforestaci\u00f3n de la selva Colombiana, VECOL S.A. entrega al pa\u00eds un modelo piloto e innovador pionero en el enfoque silvopastoril y de ganader\u00eda ecol\u00f3gica en Choc\u00f3,&nbsp;a partir del uso de productos no maderables del bosque, forrajes y follajes de la regi\u00f3n. Los proyectos piloto de VECOL S.A. pretenden articular y concertar en [&hellip;]","og_url":"https:\/\/www.vecol.com.co\/en\/2020\/06\/25\/proyecto-piloto-como-respuesta-a-la-masiva-deforestacion-del-pais\/","og_site_name":"VECOL","article_publisher":"https:\/\/www.facebook.com\/vecolveterinaria","article_published_time":"2020-06-25T16:55:43+00:00","article_modified_time":"2020-12-15T12:44:45+00:00","og_image":[{"width":700,"height":400,"url":"https:\/\/www.vecol.com.co\/wp-content\/uploads\/2020\/06\/Dise\u00f1o-sin-t\u00edtulo-2020-06-25T115516.747.png","type":"image\/png"}],"author":"adminvecol","twitter_card":"summary_large_image","twitter_creator":"@VecolColombia","twitter_site":"@VecolColombia","twitter_misc":{"Written by":"adminvecol","Est. reading time":"4 minutes"},"schema":{"@context":"https:\/\/schema.org","@graph":[{"@type":"Article","@id":"https:\/\/www.vecol.com.co\/2020\/06\/25\/proyecto-piloto-como-respuesta-a-la-masiva-deforestacion-del-pais\/#article","isPartOf":{"@id":"https:\/\/www.vecol.com.co\/2020\/06\/25\/proyecto-piloto-como-respuesta-a-la-masiva-deforestacion-del-pais\/"},"author":{"name":"adminvecol","@id":"https:\/\/www.vecol.com.co\/#\/schema\/person\/4b00c482841ba42129831763533a3c7b"},"headline":"Proyecto piloto como respuesta a la masiva deforestaci\u00f3n del pa\u00eds","datePublished":"2020-06-25T16:55:43+00:00","dateModified":"2020-12-15T12:44:45+00:00","mainEntityOfPage":{"@id":"https:\/\/www.vecol.com.co\/2020\/06\/25\/proyecto-piloto-como-respuesta-a-la-masiva-deforestacion-del-pais\/"},"wordCount":744,"publisher":{"@id":"https:\/\/www.vecol.com.co\/#organization"},"image":{"@id":"https:\/\/www.vecol.com.co\/2020\/06\/25\/proyecto-piloto-como-respuesta-a-la-masiva-deforestacion-del-pais\/#primaryimage"},"thumbnailUrl":"https:\/\/www.vecol.com.co\/wp-content\/uploads\/2020\/06\/Dise\u00f1o-sin-t\u00edtulo-2020-06-25T115516.747.png","articleSection":["Noticias"],"inLanguage":"en-US"},{"@type":"WebPage","@id":"https:\/\/www.vecol.com.co\/2020\/06\/25\/proyecto-piloto-como-respuesta-a-la-masiva-deforestacion-del-pais\/","url":"https:\/\/www.vecol.com.co\/2020\/06\/25\/proyecto-piloto-como-respuesta-a-la-masiva-deforestacion-del-pais\/","name":"Proyecto piloto como respuesta a la masiva deforestaci\u00f3n del pa\u00eds - VECOL","isPartOf":{"@id":"https:\/\/www.vecol.com.co\/#website"},"primaryImageOfPage":{"@id":"https:\/\/www.vecol.com.co\/2020\/06\/25\/proyecto-piloto-como-respuesta-a-la-masiva-deforestacion-del-pais\/#primaryimage"},"image":{"@id":"https:\/\/www.vecol.com.co\/2020\/06\/25\/proyecto-piloto-como-respuesta-a-la-masiva-deforestacion-del-pais\/#primaryimage"},"thumbnailUrl":"https:\/\/www.vecol.com.co\/wp-content\/uploads\/2020\/06\/Dise\u00f1o-sin-t\u00edtulo-2020-06-25T115516.747.png","datePublished":"2020-06-25T16:55:43+00:00","dateModified":"2020-12-15T12:44:45+00:00","breadcrumb":{"@id":"https:\/\/www.vecol.com.co\/2020\/06\/25\/proyecto-piloto-como-respuesta-a-la-masiva-deforestacion-del-pais\/#breadcrumb"},"inLanguage":"en-US","potentialAction":[{"@type":"ReadAction","target":["https:\/\/www.vecol.com.co\/2020\/06\/25\/proyecto-piloto-como-respuesta-a-la-masiva-deforestacion-del-pais\/"]}]},{"@type":"ImageObject","inLanguage":"en-US","@id":"https:\/\/www.vecol.com.co\/2020\/06\/25\/proyecto-piloto-como-respuesta-a-la-masiva-deforestacion-del-pais\/#primaryimage","url":"https:\/\/www.vecol.com.co\/wp-content\/uploads\/2020\/06\/Dise\u00f1o-sin-t\u00edtulo-2020-06-25T115516.747.png","contentUrl":"https:\/\/www.vecol.com.co\/wp-content\/uploads\/2020\/06\/Dise\u00f1o-sin-t\u00edtulo-2020-06-25T115516.747.png","width":700,"height":400,"caption":"Dise\u00f1o sin t\u00edtulo 2020 06 25T115516.747"},{"@type":"BreadcrumbList","@id":"https:\/\/www.vecol.com.co\/2020\/06\/25\/proyecto-piloto-como-respuesta-a-la-masiva-deforestacion-del-pais\/#breadcrumb","itemListElement":[{"@type":"ListItem","position":1,"name":"Inicio","item":"https:\/\/www.vecol.com.co\/"},{"@type":"ListItem","position":2,"name":"Noticias","item":"https:\/\/www.vecol.com.co\/category\/noticias\/"},{"@type":"ListItem","position":3,"name":"Proyecto piloto como respuesta a la masiva deforestaci\u00f3n del pa\u00eds"}]},{"@type":"WebSite","@id":"https:\/\/www.vecol.com.co\/#website","url":"https:\/\/www.vecol.com.co\/","name":"VECOL","description":"Colombian Veterinary Products Company","publisher":{"@id":"https:\/\/www.vecol.com.co\/#organization"},"potentialAction":[{"@type":"SearchAction","target":{"@type":"EntryPoint","urlTemplate":"https:\/\/www.vecol.com.co\/?s={search_term_string}"},"query-input":{"@type":"PropertyValueSpecification","valueRequired":true,"valueName":"search_term_string"}}],"inLanguage":"en-US"},{"@type":"Organization","@id":"https:\/\/www.vecol.com.co\/#organization","name":"Colombian Veterinary Products Company","url":"https:\/\/www.vecol.com.co\/","logo":{"@type":"ImageObject","inLanguage":"en-US","@id":"https:\/\/www.vecol.com.co\/#\/schema\/logo\/image\/","url":"https:\/\/www.vecol.com.co\/wp-content\/uploads\/2023\/07\/logoVecol.png","contentUrl":"https:\/\/www.vecol.com.co\/wp-content\/uploads\/2023\/07\/logoVecol.png","width":106,"height":106,"caption":"Empresa Colombiana de Productos Veterinarios"},"image":{"@id":"https:\/\/www.vecol.com.co\/#\/schema\/logo\/image\/"},"sameAs":["https:\/\/www.facebook.com\/vecolveterinaria","https:\/\/x.com\/VecolColombia"]},{"@type":"Person","@id":"https:\/\/www.vecol.com.co\/#\/schema\/person\/4b00c482841ba42129831763533a3c7b","name":"adminvecol","url":"https:\/\/www.vecol.com.co\/en\/author\/adminvecol\/"}]}},"_links":{"self":[{"href":"https:\/\/www.vecol.com.co\/en\/wp-json\/wp\/v2\/posts\/1806","targetHints":{"allow":["GET"]}}],"collection":[{"href":"https:\/\/www.vecol.com.co\/en\/wp-json\/wp\/v2\/posts"}],"about":[{"href":"https:\/\/www.vecol.com.co\/en\/wp-json\/wp\/v2\/types\/post"}],"author":[{"embeddable":true,"href":"https:\/\/www.vecol.com.co\/en\/wp-json\/wp\/v2\/users\/1"}],"replies":[{"embeddable":true,"href":"https:\/\/www.vecol.com.co\/en\/wp-json\/wp\/v2\/comments?post=1806"}],"version-history":[{"count":1,"href":"https:\/\/www.vecol.com.co\/en\/wp-json\/wp\/v2\/posts\/1806\/revisions"}],"predecessor-version":[{"id":1808,"href":"https:\/\/www.vecol.com.co\/en\/wp-json\/wp\/v2\/posts\/1806\/revisions\/1808"}],"wp:featuredmedia":[{"embeddable":true,"href":"https:\/\/www.vecol.com.co\/en\/wp-json\/wp\/v2\/media\/1807"}],"wp:attachment":[{"href":"https:\/\/www.vecol.com.co\/en\/wp-json\/wp\/v2\/media?parent=1806"}],"wp:term":[{"taxonomy":"category","embeddable":true,"href":"https:\/\/www.vecol.com.co\/en\/wp-json\/wp\/v2\/categories?post=1806"},{"taxonomy":"post_tag","embeddable":true,"href":"https:\/\/www.vecol.com.co\/en\/wp-json\/wp\/v2\/tags?post=1806"}],"curies":[{"name":"wp","href":"https:\/\/api.w.org\/{rel}","templated":true}]}}